{"id":1091,"date":"2011-01-20T14:10:15","date_gmt":"2011-01-20T12:10:15","guid":{"rendered":"http:\/\/aunomdanna.free.fr\/wordpress\/?p=1091"},"modified":"2011-01-20T14:10:15","modified_gmt":"2011-01-20T12:10:15","slug":"le-programme-des-conferences","status":"publish","type":"post","link":"https:\/\/www.aunomdanna.fr\/blog\/?p=1091","title":{"rendered":"Le programme des conf\u00e9rences"},"content":{"rendered":"<p style=\"text-align: center;\"><a href=\"http:\/\/aunomdanna.free.fr\/wordpress\/wp-content\/Logo-ARettred9.jpg\" rel=\"lightbox[1091]\"><img loading=\"lazy\" decoding=\"async\" class=\"size-full wp-image-1093 aligncenter\" title=\"Logo ARettred\" src=\"http:\/\/aunomdanna.free.fr\/wordpress\/wp-content\/Logo-ARettred9.jpg\" alt=\"\" width=\"50\" height=\"51\" \/><\/a><\/p>\n<p>Le programme des conf\u00e9rences qui se tiendront tout au long du parcours est en train de se figer : les conf\u00e9renciers confirment leur engagement et le sujet de leur pr\u00e9sentation.<br \/>\nDes conf\u00e9rences suppl\u00e9mentaires vont probablement \u00eatre organis\u00e9es tant les intervenants sont nombreux. Ainsi nous avons un programme tr\u00e8s riche, tant dans la qualit\u00e9 des conf\u00e9renciers que dans la diversit\u00e9 des sujets trait\u00e9s.<br \/>\nCes derniers vont m\u00eame accompagner les coureurs sur les derniers kilom\u00e8tres des \u00e9tapes !<br \/>\nUn grand merci \u00e0 eux pour leur disponibilit\u00e9, leur g\u00e9n\u00e9rosit\u00e9 et leur enthousiasme.<\/p>\n<p style=\"text-align: center;\"><a href=\"http:\/\/aunomdanna.free.fr\/wordpress\/wp-content\/Parcours_conf\u00e9rences_13janvier.jpg\" rel=\"lightbox[1091]\"><img loading=\"lazy\" decoding=\"async\" class=\"size-full wp-image-1095 aligncenter\" title=\"Parcours_conf\u00e9rences_13janvier.xls\" src=\"http:\/\/aunomdanna.free.fr\/wordpress\/wp-content\/Parcours_conf\u00e9rences_13janvier.jpg\" alt=\"\" width=\"400\" height=\"584\" \/><\/a><\/p>\n<p>Vous aussi rejoignez nous et venez participer \u00e0 une course du c\u0153ur!<\/p>\n","protected":false},"excerpt":{"rendered":"<p>Le programme des conf\u00e9rences qui se tiendront tout au long du parcours est en train de se figer : les conf\u00e9renciers confirment leur engagement et le sujet de leur pr\u00e9sentation. Des conf\u00e9rences suppl\u00e9mentaires vont probablement \u00eatre organis\u00e9es tant les intervenants sont nombreux. Ainsi nous avons un programme tr\u00e8s riche, tant dans la qualit\u00e9 des conf\u00e9renciers&#8230; <\/p>\n<div class=\"link-more\"><a href=\"https:\/\/www.aunomdanna.fr\/blog\/?p=1091\">En savoir plus<\/a><\/div>\n","protected":false},"author":1,"featured_media":0,"comment_status":"open","ping_status":"open","sticky":false,"template":"","format":"standard","meta":{"_jetpack_memberships_contains_paid_content":false,"footnotes":""},"categories":[4,2],"tags":[],"class_list":["post-1091","post","type-post","status-publish","format-standard","hentry","category-la-vie-de-lassociation","category-a-rett-toi-pour-courir"],"jetpack_featured_media_url":"","jetpack_sharing_enabled":true,"_links":{"self":[{"href":"https:\/\/www.aunomdanna.fr\/blog\/index.php?rest_route=\/wp\/v2\/posts\/1091","targetHints":{"allow":["GET"]}}],"collection":[{"href":"https:\/\/www.aunomdanna.fr\/blog\/index.php?rest_route=\/wp\/v2\/posts"}],"about":[{"href":"https:\/\/www.aunomdanna.fr\/blog\/index.php?rest_route=\/wp\/v2\/types\/post"}],"author":[{"embeddable":true,"href":"https:\/\/www.aunomdanna.fr\/blog\/index.php?rest_route=\/wp\/v2\/users\/1"}],"replies":[{"embeddable":true,"href":"https:\/\/www.aunomdanna.fr\/blog\/index.php?rest_route=%2Fwp%2Fv2%2Fcomments&post=1091"}],"version-history":[{"count":0,"href":"https:\/\/www.aunomdanna.fr\/blog\/index.php?rest_route=\/wp\/v2\/posts\/1091\/revisions"}],"wp:attachment":[{"href":"https:\/\/www.aunomdanna.fr\/blog\/index.php?rest_route=%2Fwp%2Fv2%2Fmedia&parent=1091"}],"wp:term":[{"taxonomy":"category","embeddable":true,"href":"https:\/\/www.aunomdanna.fr\/blog\/index.php?rest_route=%2Fwp%2Fv2%2Fcategories&post=1091"},{"taxonomy":"post_tag","embeddable":true,"href":"https:\/\/www.aunomdanna.fr\/blog\/index.php?rest_route=%2Fwp%2Fv2%2Ftags&post=1091"}],"curies":[{"name":"wp","href":"https:\/\/api.w.org\/{rel}","templated":true}]}}