{"id":1129,"date":"2011-02-16T16:27:24","date_gmt":"2011-02-16T14:27:24","guid":{"rendered":"http:\/\/aunomdanna.free.fr\/wordpress\/?p=1129"},"modified":"2011-02-16T16:27:24","modified_gmt":"2011-02-16T14:27:24","slug":"une-nouvelle-garde-robe","status":"publish","type":"post","link":"https:\/\/www.aunomdanna.fr\/blog\/?p=1129","title":{"rendered":"Une nouvelle garde-robe&#8230;"},"content":{"rendered":"<p>Anna b\u00e9n\u00e9ficie de s\u00e9ances de kin\u00e9 au sein de son centre Ninon Vallin, o\u00f9 le personnel qualifi\u00e9 s\u2019occupe aussi de son appareillage (les attelles et le corset). En effet, comme beaucoup de filles touch\u00e9es par le Syndrome de Rett, Anna est surveill\u00e9e pour une scoliose et des d\u00e9formations des pieds. Cette prise en charge est essentielle car elle permet \u00e0 Anna de bien \u00e9voluer et surtout de conserver la marche et ses acquis psychomoteurs.<\/p>\n<p>Anna a beaucoup grandi ces derniers temps : nous avons chang\u00e9 ses pantalons, ses jupes, ses pulls, ses robes\u2026 bref, toute la garde-robe d\u2019une fillette coquette de 13 ans !!  Mais il a fallu aussi modifier ses attelles de nuit, et son corset (\u00e9galement pour la nuit) est en cours de fabrication. Pour cela, un orthop\u00e9diste se d\u00e9place \u00e0 Ninon Vallin pour essayer le corset et l&rsquo;ajuster.<\/p>\n<p style=\"text-align: center;\"><a href=\"http:\/\/aunomdanna.free.fr\/wordpress\/wp-content\/P1000178red.bmp\" rel=\"lightbox[1129]\"><img loading=\"lazy\" decoding=\"async\" class=\"size-full wp-image-1130 aligncenter\" title=\"P1000178red\" src=\"http:\/\/aunomdanna.free.fr\/wordpress\/wp-content\/P1000178red.bmp\" alt=\"\" width=\"400\" height=\"327\" \/><\/a><\/p>\n<p style=\"text-align: center;\"><a href=\"http:\/\/aunomdanna.free.fr\/wordpress\/wp-content\/P1000186red.bmp\" rel=\"lightbox[1129]\"><img loading=\"lazy\" decoding=\"async\" class=\"size-full wp-image-1131 aligncenter\" title=\"P1000186red\" src=\"http:\/\/aunomdanna.free.fr\/wordpress\/wp-content\/P1000186red.bmp\" alt=\"\" width=\"400\" height=\"327\" \/><\/a><\/p>\n","protected":false},"excerpt":{"rendered":"<p>Anna b\u00e9n\u00e9ficie de s\u00e9ances de kin\u00e9 au sein de son centre Ninon Vallin, o\u00f9 le personnel qualifi\u00e9 s\u2019occupe aussi de son appareillage (les attelles et le corset). En effet, comme beaucoup de filles touch\u00e9es par le Syndrome de Rett, Anna est surveill\u00e9e pour une scoliose et des d\u00e9formations des pieds. Cette prise en charge est&#8230; <\/p>\n<div class=\"link-more\"><a href=\"https:\/\/www.aunomdanna.fr\/blog\/?p=1129\">En savoir plus<\/a><\/div>\n","protected":false},"author":1,"featured_media":0,"comment_status":"open","ping_status":"open","sticky":false,"template":"","format":"standard","meta":{"_jetpack_memberships_contains_paid_content":false,"footnotes":""},"categories":[3],"tags":[],"class_list":["post-1129","post","type-post","status-publish","format-standard","hentry","category-quotidien"],"jetpack_featured_media_url":"","jetpack_sharing_enabled":true,"_links":{"self":[{"href":"https:\/\/www.aunomdanna.fr\/blog\/index.php?rest_route=\/wp\/v2\/posts\/1129","targetHints":{"allow":["GET"]}}],"collection":[{"href":"https:\/\/www.aunomdanna.fr\/blog\/index.php?rest_route=\/wp\/v2\/posts"}],"about":[{"href":"https:\/\/www.aunomdanna.fr\/blog\/index.php?rest_route=\/wp\/v2\/types\/post"}],"author":[{"embeddable":true,"href":"https:\/\/www.aunomdanna.fr\/blog\/index.php?rest_route=\/wp\/v2\/users\/1"}],"replies":[{"embeddable":true,"href":"https:\/\/www.aunomdanna.fr\/blog\/index.php?rest_route=%2Fwp%2Fv2%2Fcomments&post=1129"}],"version-history":[{"count":0,"href":"https:\/\/www.aunomdanna.fr\/blog\/index.php?rest_route=\/wp\/v2\/posts\/1129\/revisions"}],"wp:attachment":[{"href":"https:\/\/www.aunomdanna.fr\/blog\/index.php?rest_route=%2Fwp%2Fv2%2Fmedia&parent=1129"}],"wp:term":[{"taxonomy":"category","embeddable":true,"href":"https:\/\/www.aunomdanna.fr\/blog\/index.php?rest_route=%2Fwp%2Fv2%2Fcategories&post=1129"},{"taxonomy":"post_tag","embeddable":true,"href":"https:\/\/www.aunomdanna.fr\/blog\/index.php?rest_route=%2Fwp%2Fv2%2Ftags&post=1129"}],"curies":[{"name":"wp","href":"https:\/\/api.w.org\/{rel}","templated":true}]}}