{"id":1145,"date":"2011-02-28T18:49:21","date_gmt":"2011-02-28T16:49:21","guid":{"rendered":"http:\/\/aunomdanna.free.fr\/wordpress\/?p=1145"},"modified":"2011-02-28T18:49:21","modified_gmt":"2011-02-28T16:49:21","slug":"exposition-sur-la-difference","status":"publish","type":"post","link":"https:\/\/www.aunomdanna.fr\/blog\/?p=1145","title":{"rendered":"Exposition sur la diff\u00e9rence&#8230;"},"content":{"rendered":"<p>\u00ab\u00a0Les r\u00e9gardeurs\u00a0\u00bb est une exposition de 17 totems sur les r\u00eaves de m\u00e9tier de personnes handicap\u00e9es. Ce travail a \u00e9t\u00e9 accueilli \u00e0 la M\u00e9diath\u00e8que de Dom\u00e8ne dans le cadre du projet de la commune autour de la diff\u00e9rence.<br \/>\nL&rsquo;association \u00ab\u00a0Au nom d&rsquo;Anna\u00a0\u00bb a \u00e9t\u00e9 invit\u00e9e au vernissage. La pr\u00e9sidente, Annie Vercoutere, a pu apporter un \u00e9mouvant t\u00e9moignage sur l&rsquo;int\u00e9gration des enfants handicap\u00e9s, puisque en tant qu&rsquo;institutrice, elle a accueilli Anna dans sa classe pendant 3 ann\u00e9es. C&rsquo;\u00e9tait une bonne et riche exp\u00e9rience pour Anna ainsi que pour les petits \u00e9l\u00e8ves d&rsquo;Annie&#8230;<\/p>\n<p style=\"text-align: center;\"><a href=\"http:\/\/aunomdanna.free.fr\/wordpress\/wp-content\/P1000192red.jpg\" rel=\"lightbox[1145]\"><img loading=\"lazy\" decoding=\"async\" class=\"size-full wp-image-1146 aligncenter\" title=\"P1000192red\" src=\"http:\/\/aunomdanna.free.fr\/wordpress\/wp-content\/P1000192red.jpg\" alt=\"\" width=\"400\" height=\"263\" \/><\/a><\/p>\n","protected":false},"excerpt":{"rendered":"<p>\u00ab\u00a0Les r\u00e9gardeurs\u00a0\u00bb est une exposition de 17 totems sur les r\u00eaves de m\u00e9tier de personnes handicap\u00e9es. Ce travail a \u00e9t\u00e9 accueilli \u00e0 la M\u00e9diath\u00e8que de Dom\u00e8ne dans le cadre du projet de la commune autour de la diff\u00e9rence. L&rsquo;association \u00ab\u00a0Au nom d&rsquo;Anna\u00a0\u00bb a \u00e9t\u00e9 invit\u00e9e au vernissage. La pr\u00e9sidente, Annie Vercoutere, a pu apporter un&#8230; <\/p>\n<div class=\"link-more\"><a href=\"https:\/\/www.aunomdanna.fr\/blog\/?p=1145\">En savoir plus<\/a><\/div>\n","protected":false},"author":1,"featured_media":0,"comment_status":"open","ping_status":"open","sticky":false,"template":"","format":"standard","meta":{"_jetpack_memberships_contains_paid_content":false,"footnotes":""},"categories":[3,4],"tags":[],"class_list":["post-1145","post","type-post","status-publish","format-standard","hentry","category-quotidien","category-la-vie-de-lassociation"],"jetpack_featured_media_url":"","jetpack_sharing_enabled":true,"_links":{"self":[{"href":"https:\/\/www.aunomdanna.fr\/blog\/index.php?rest_route=\/wp\/v2\/posts\/1145","targetHints":{"allow":["GET"]}}],"collection":[{"href":"https:\/\/www.aunomdanna.fr\/blog\/index.php?rest_route=\/wp\/v2\/posts"}],"about":[{"href":"https:\/\/www.aunomdanna.fr\/blog\/index.php?rest_route=\/wp\/v2\/types\/post"}],"author":[{"embeddable":true,"href":"https:\/\/www.aunomdanna.fr\/blog\/index.php?rest_route=\/wp\/v2\/users\/1"}],"replies":[{"embeddable":true,"href":"https:\/\/www.aunomdanna.fr\/blog\/index.php?rest_route=%2Fwp%2Fv2%2Fcomments&post=1145"}],"version-history":[{"count":0,"href":"https:\/\/www.aunomdanna.fr\/blog\/index.php?rest_route=\/wp\/v2\/posts\/1145\/revisions"}],"wp:attachment":[{"href":"https:\/\/www.aunomdanna.fr\/blog\/index.php?rest_route=%2Fwp%2Fv2%2Fmedia&parent=1145"}],"wp:term":[{"taxonomy":"category","embeddable":true,"href":"https:\/\/www.aunomdanna.fr\/blog\/index.php?rest_route=%2Fwp%2Fv2%2Fcategories&post=1145"},{"taxonomy":"post_tag","embeddable":true,"href":"https:\/\/www.aunomdanna.fr\/blog\/index.php?rest_route=%2Fwp%2Fv2%2Ftags&post=1145"}],"curies":[{"name":"wp","href":"https:\/\/api.w.org\/{rel}","templated":true}]}}