{"id":1173,"date":"2011-03-07T20:37:14","date_gmt":"2011-03-07T18:37:14","guid":{"rendered":"http:\/\/aunomdanna.free.fr\/wordpress\/?p=1173"},"modified":"2011-03-07T20:37:14","modified_gmt":"2011-03-07T18:37:14","slug":"anna-au-ski-3","status":"publish","type":"post","link":"https:\/\/www.aunomdanna.fr\/blog\/?p=1173","title":{"rendered":"Anna au ski&#8230;"},"content":{"rendered":"<p>Anna est partie une semaine au ski, \u00e0 Ar\u00eaches, un joli village  dans le Beaufortain. S\u00e9duit par la beaut\u00e9 de cette petite station, la famille d&rsquo;Anna passe une partie des vacances de f\u00e9vrier l\u00e0-bas, depuis d\u00e9j\u00e0 10 ans.<br \/>\nPour Anna il y a aussi des attractions. L&rsquo;\u00e9cole de ski d&rsquo;Ar\u00eaches offre aux personnes invalides la possibilit\u00e9 de d\u00e9couvrir les joies de la glisse en ski-fauteuil, mis \u00e0 disposition par \u00ab\u00a0Handicap altitude\u00a0\u00bb.<br \/>\nPatrick, un moniteur chevronn\u00e9 (et form\u00e9 pour conduire le fauteuil), a accompagn\u00e9 Anna dans cette belle aventure. Le soleil, la neige, le ciel bleu, et toute la famille sur les pistes avec Anna&#8230; Un vrai bonheur !!!<br \/>\nUn grand merci \u00e0 Patrick et rendez-vous l&rsquo;ann\u00e9e prochaine&#8230;<\/p>\n<p style=\"text-align: center;\"><a href=\"http:\/\/aunomdanna.free.fr\/wordpress\/wp-content\/P1000290.jpg\" rel=\"lightbox[1173]\"><img loading=\"lazy\" decoding=\"async\" class=\"size-full wp-image-1174 aligncenter\" title=\"P1000290\" src=\"http:\/\/aunomdanna.free.fr\/wordpress\/wp-content\/P1000290.jpg\" alt=\"\" width=\"312\" height=\"400\" \/><\/a><\/p>\n<p style=\"text-align: center;\"><a href=\"http:\/\/aunomdanna.free.fr\/wordpress\/wp-content\/P1000436.jpg\" rel=\"lightbox[1173]\"><img loading=\"lazy\" decoding=\"async\" class=\"size-full wp-image-1177 aligncenter\" title=\"P1000436\" src=\"http:\/\/aunomdanna.free.fr\/wordpress\/wp-content\/P1000436.jpg\" alt=\"\" width=\"400\" height=\"335\" \/><\/a><\/p>\n<p style=\"text-align: center;\"><a href=\"http:\/\/aunomdanna.free.fr\/wordpress\/wp-content\/P1000324.jpg\" rel=\"lightbox[1173]\"><img loading=\"lazy\" decoding=\"async\" class=\"size-full wp-image-1175 aligncenter\" title=\"P1000324\" src=\"http:\/\/aunomdanna.free.fr\/wordpress\/wp-content\/P1000324.jpg\" alt=\"\" width=\"400\" height=\"300\" \/><\/a><\/p>\n<p style=\"text-align: center;\"><a href=\"http:\/\/aunomdanna.free.fr\/wordpress\/wp-content\/P1000381.jpg\" rel=\"lightbox[1173]\"><img loading=\"lazy\" decoding=\"async\" class=\"size-full wp-image-1176 aligncenter\" title=\"P1000381\" src=\"http:\/\/aunomdanna.free.fr\/wordpress\/wp-content\/P1000381.jpg\" alt=\"\" width=\"400\" height=\"350\" \/><\/a><\/p>\n<p style=\"text-align: center;\"><a href=\"http:\/\/aunomdanna.free.fr\/wordpress\/wp-content\/P1000259.jpg\" rel=\"lightbox[1173]\"><img loading=\"lazy\" decoding=\"async\" class=\"size-full wp-image-1187 aligncenter\" title=\"P1000259\" src=\"http:\/\/aunomdanna.free.fr\/wordpress\/wp-content\/P1000259.jpg\" alt=\"\" width=\"368\" height=\"491\" \/><\/a><\/p>\n","protected":false},"excerpt":{"rendered":"<p>Anna est partie une semaine au ski, \u00e0 Ar\u00eaches, un joli village dans le Beaufortain. S\u00e9duit par la beaut\u00e9 de cette petite station, la famille d&rsquo;Anna passe une partie des vacances de f\u00e9vrier l\u00e0-bas, depuis d\u00e9j\u00e0 10 ans. Pour Anna il y a aussi des attractions. L&rsquo;\u00e9cole de ski d&rsquo;Ar\u00eaches offre aux personnes invalides la&#8230; <\/p>\n<div class=\"link-more\"><a href=\"https:\/\/www.aunomdanna.fr\/blog\/?p=1173\">En savoir plus<\/a><\/div>\n","protected":false},"author":1,"featured_media":0,"comment_status":"open","ping_status":"open","sticky":false,"template":"","format":"standard","meta":{"_jetpack_memberships_contains_paid_content":false,"footnotes":""},"categories":[3],"tags":[],"class_list":["post-1173","post","type-post","status-publish","format-standard","hentry","category-quotidien"],"jetpack_featured_media_url":"","jetpack_sharing_enabled":true,"_links":{"self":[{"href":"https:\/\/www.aunomdanna.fr\/blog\/index.php?rest_route=\/wp\/v2\/posts\/1173","targetHints":{"allow":["GET"]}}],"collection":[{"href":"https:\/\/www.aunomdanna.fr\/blog\/index.php?rest_route=\/wp\/v2\/posts"}],"about":[{"href":"https:\/\/www.aunomdanna.fr\/blog\/index.php?rest_route=\/wp\/v2\/types\/post"}],"author":[{"embeddable":true,"href":"https:\/\/www.aunomdanna.fr\/blog\/index.php?rest_route=\/wp\/v2\/users\/1"}],"replies":[{"embeddable":true,"href":"https:\/\/www.aunomdanna.fr\/blog\/index.php?rest_route=%2Fwp%2Fv2%2Fcomments&post=1173"}],"version-history":[{"count":0,"href":"https:\/\/www.aunomdanna.fr\/blog\/index.php?rest_route=\/wp\/v2\/posts\/1173\/revisions"}],"wp:attachment":[{"href":"https:\/\/www.aunomdanna.fr\/blog\/index.php?rest_route=%2Fwp%2Fv2%2Fmedia&parent=1173"}],"wp:term":[{"taxonomy":"category","embeddable":true,"href":"https:\/\/www.aunomdanna.fr\/blog\/index.php?rest_route=%2Fwp%2Fv2%2Fcategories&post=1173"},{"taxonomy":"post_tag","embeddable":true,"href":"https:\/\/www.aunomdanna.fr\/blog\/index.php?rest_route=%2Fwp%2Fv2%2Ftags&post=1173"}],"curies":[{"name":"wp","href":"https:\/\/api.w.org\/{rel}","templated":true}]}}