{"id":1190,"date":"2011-03-15T09:56:27","date_gmt":"2011-03-15T07:56:27","guid":{"rendered":"http:\/\/aunomdanna.free.fr\/wordpress\/?p=1190"},"modified":"2011-03-15T09:56:27","modified_gmt":"2011-03-15T07:56:27","slug":"anna-au-carnaval","status":"publish","type":"post","link":"https:\/\/www.aunomdanna.fr\/blog\/?p=1190","title":{"rendered":"Anna au carnaval&#8230;"},"content":{"rendered":"<p>Cette ann\u00e9e Anna a particip\u00e9 au Carnaval \u00e0 Ninon Vallin. Elle a ador\u00e9  se parer de sa robe de princesse aux couleurs de l&rsquo;Association. .. Elle aime \u00eatre coquette et ce jour-l\u00e0 elle \u00e9tait toute pomponn\u00e9e, tr\u00e8s souriante, comme vous pouvez le voir sur les photos&#8230;<\/p>\n<p style=\"text-align: center;\"><a href=\"http:\/\/aunomdanna.free.fr\/wordpress\/wp-content\/P1000460red.jpg\" rel=\"lightbox[1190]\"><img loading=\"lazy\" decoding=\"async\" class=\"size-full wp-image-1191 aligncenter\" title=\"P1000460red\" src=\"http:\/\/aunomdanna.free.fr\/wordpress\/wp-content\/P1000460red.jpg\" alt=\"\" width=\"400\" height=\"361\" \/><\/a><\/p>\n<p style=\"text-align: center;\"><a href=\"http:\/\/aunomdanna.free.fr\/wordpress\/wp-content\/P1000461red.jpg\" rel=\"lightbox[1190]\"><img loading=\"lazy\" decoding=\"async\" class=\"size-full wp-image-1192 aligncenter\" title=\"P1000461red\" src=\"http:\/\/aunomdanna.free.fr\/wordpress\/wp-content\/P1000461red.jpg\" alt=\"\" width=\"280\" height=\"400\" \/><\/a><\/p>\n","protected":false},"excerpt":{"rendered":"<p>Cette ann\u00e9e Anna a particip\u00e9 au Carnaval \u00e0 Ninon Vallin. Elle a ador\u00e9 se parer de sa robe de princesse aux couleurs de l&rsquo;Association. .. Elle aime \u00eatre coquette et ce jour-l\u00e0 elle \u00e9tait toute pomponn\u00e9e, tr\u00e8s souriante, comme vous pouvez le voir sur les photos&#8230;<\/p>\n","protected":false},"author":1,"featured_media":0,"comment_status":"open","ping_status":"open","sticky":false,"template":"","format":"standard","meta":{"_jetpack_memberships_contains_paid_content":false,"footnotes":""},"categories":[3],"tags":[],"class_list":["post-1190","post","type-post","status-publish","format-standard","hentry","category-quotidien"],"jetpack_featured_media_url":"","jetpack_sharing_enabled":true,"_links":{"self":[{"href":"https:\/\/www.aunomdanna.fr\/blog\/index.php?rest_route=\/wp\/v2\/posts\/1190","targetHints":{"allow":["GET"]}}],"collection":[{"href":"https:\/\/www.aunomdanna.fr\/blog\/index.php?rest_route=\/wp\/v2\/posts"}],"about":[{"href":"https:\/\/www.aunomdanna.fr\/blog\/index.php?rest_route=\/wp\/v2\/types\/post"}],"author":[{"embeddable":true,"href":"https:\/\/www.aunomdanna.fr\/blog\/index.php?rest_route=\/wp\/v2\/users\/1"}],"replies":[{"embeddable":true,"href":"https:\/\/www.aunomdanna.fr\/blog\/index.php?rest_route=%2Fwp%2Fv2%2Fcomments&post=1190"}],"version-history":[{"count":0,"href":"https:\/\/www.aunomdanna.fr\/blog\/index.php?rest_route=\/wp\/v2\/posts\/1190\/revisions"}],"wp:attachment":[{"href":"https:\/\/www.aunomdanna.fr\/blog\/index.php?rest_route=%2Fwp%2Fv2%2Fmedia&parent=1190"}],"wp:term":[{"taxonomy":"category","embeddable":true,"href":"https:\/\/www.aunomdanna.fr\/blog\/index.php?rest_route=%2Fwp%2Fv2%2Fcategories&post=1190"},{"taxonomy":"post_tag","embeddable":true,"href":"https:\/\/www.aunomdanna.fr\/blog\/index.php?rest_route=%2Fwp%2Fv2%2Ftags&post=1190"}],"curies":[{"name":"wp","href":"https:\/\/api.w.org\/{rel}","templated":true}]}}