{"id":1195,"date":"2011-03-18T10:41:13","date_gmt":"2011-03-18T08:41:13","guid":{"rendered":"http:\/\/aunomdanna.free.fr\/wordpress\/?p=1195"},"modified":"2011-03-18T10:41:13","modified_gmt":"2011-03-18T08:41:13","slug":"tour-de-la-ville-de-domene","status":"publish","type":"post","link":"https:\/\/www.aunomdanna.fr\/blog\/?p=1195","title":{"rendered":"Tour de la ville de Dom\u00e8ne"},"content":{"rendered":"<p>La 20\u00e8me \u00e9dition du \u00ab\u00a0Tour de la Ville\u00a0\u00bb se d\u00e9roulera \u00e0 Dom\u00e8ne le <strong>dimanche 27 mars<\/strong> \u00e0 partir de 8h15.<\/p>\n<p>Six parcours pour dix cat\u00e9gories seront propos\u00e9s, avec notamment le circuit \u00ab\u00a0Gambettes\u00a0\u00bb pour les enfants n\u00e9s apr\u00e8s 2002, le parcours familial et la course de 10 km.<br \/>\nLes d\u00e9parts et arriv\u00e9es se feront sur la place Stalingrad.<\/p>\n<p>Tarifs : 8 \u20ac pour le 10 km, 5 \u20ac pour le parcours \u00ab\u00a0Pour tous\u00a0\u00bb et gratuit\u00e9 pour les autres.<\/p>\n<p>Renseignements au 04 76 77 42 32.<\/p>\n<p><strong> Venez participer, avec comme chaque ann\u00e9e, le t.shirt \u00ab\u00a0Au nom d&rsquo;Anna\u00a0\u00bb.<\/strong><\/p>\n<p style=\"text-align: center;\"><a href=\"http:\/\/aunomdanna.free.fr\/wordpress\/wp-content\/Domene.jpg\" rel=\"lightbox[1195]\"><img loading=\"lazy\" decoding=\"async\" class=\"size-full wp-image-1196 aligncenter\" title=\"Domene\" src=\"http:\/\/aunomdanna.free.fr\/wordpress\/wp-content\/Domene.jpg\" alt=\"\" width=\"400\" height=\"206\" \/><\/a><\/p>\n<p style=\"text-align: center;\"><a href=\"http:\/\/aunomdanna.free.fr\/wordpress\/wp-content\/P1090121.jpg\" rel=\"lightbox[1195]\"><img loading=\"lazy\" decoding=\"async\" class=\"size-full wp-image-1199 aligncenter\" title=\"P1090121\" src=\"http:\/\/aunomdanna.free.fr\/wordpress\/wp-content\/P1090121.jpg\" alt=\"\" width=\"400\" height=\"327\" \/><\/a><\/p>\n","protected":false},"excerpt":{"rendered":"<p>La 20\u00e8me \u00e9dition du \u00ab\u00a0Tour de la Ville\u00a0\u00bb se d\u00e9roulera \u00e0 Dom\u00e8ne le dimanche 27 mars \u00e0 partir de 8h15. Six parcours pour dix cat\u00e9gories seront propos\u00e9s, avec notamment le circuit \u00ab\u00a0Gambettes\u00a0\u00bb pour les enfants n\u00e9s apr\u00e8s 2002, le parcours familial et la course de 10 km. Les d\u00e9parts et arriv\u00e9es se feront sur la&#8230; <\/p>\n<div class=\"link-more\"><a href=\"https:\/\/www.aunomdanna.fr\/blog\/?p=1195\">En savoir plus<\/a><\/div>\n","protected":false},"author":1,"featured_media":0,"comment_status":"open","ping_status":"open","sticky":false,"template":"","format":"standard","meta":{"_jetpack_memberships_contains_paid_content":false,"footnotes":""},"categories":[4],"tags":[],"class_list":["post-1195","post","type-post","status-publish","format-standard","hentry","category-la-vie-de-lassociation"],"jetpack_featured_media_url":"","jetpack_sharing_enabled":true,"_links":{"self":[{"href":"https:\/\/www.aunomdanna.fr\/blog\/index.php?rest_route=\/wp\/v2\/posts\/1195","targetHints":{"allow":["GET"]}}],"collection":[{"href":"https:\/\/www.aunomdanna.fr\/blog\/index.php?rest_route=\/wp\/v2\/posts"}],"about":[{"href":"https:\/\/www.aunomdanna.fr\/blog\/index.php?rest_route=\/wp\/v2\/types\/post"}],"author":[{"embeddable":true,"href":"https:\/\/www.aunomdanna.fr\/blog\/index.php?rest_route=\/wp\/v2\/users\/1"}],"replies":[{"embeddable":true,"href":"https:\/\/www.aunomdanna.fr\/blog\/index.php?rest_route=%2Fwp%2Fv2%2Fcomments&post=1195"}],"version-history":[{"count":0,"href":"https:\/\/www.aunomdanna.fr\/blog\/index.php?rest_route=\/wp\/v2\/posts\/1195\/revisions"}],"wp:attachment":[{"href":"https:\/\/www.aunomdanna.fr\/blog\/index.php?rest_route=%2Fwp%2Fv2%2Fmedia&parent=1195"}],"wp:term":[{"taxonomy":"category","embeddable":true,"href":"https:\/\/www.aunomdanna.fr\/blog\/index.php?rest_route=%2Fwp%2Fv2%2Fcategories&post=1195"},{"taxonomy":"post_tag","embeddable":true,"href":"https:\/\/www.aunomdanna.fr\/blog\/index.php?rest_route=%2Fwp%2Fv2%2Ftags&post=1195"}],"curies":[{"name":"wp","href":"https:\/\/api.w.org\/{rel}","templated":true}]}}