{"id":1202,"date":"2011-03-29T13:40:47","date_gmt":"2011-03-29T11:40:47","guid":{"rendered":"http:\/\/aunomdanna.free.fr\/wordpress\/?p=1202"},"modified":"2011-03-29T13:40:47","modified_gmt":"2011-03-29T11:40:47","slug":"tour-de-la-ville-2011","status":"publish","type":"post","link":"https:\/\/www.aunomdanna.fr\/blog\/?p=1202","title":{"rendered":"Tour de la ville 2011&#8230;"},"content":{"rendered":"<p>Dimanche 27 mars a eu lieu la 20\u00e8me \u00e9dition du tour de la ville de Dom\u00e8ne. Malgr\u00e9 le temps incertain, une 20aine de courageux (adultes mais aussi enfants) ont couru \u00ab\u00a0Au Nom d&rsquo;Anna\u00a0\u00bb. Tous portaient le T-Shirt vert et rose aux couleurs de l&rsquo;\u00e9v\u00e9nement \u00ab\u00a0A Rett toi pour courir\u00a0\u00bb&#8230;<\/p>\n<p style=\"text-align: center;\"><a href=\"http:\/\/aunomdanna.free.fr\/wordpress\/wp-content\/DSC_0056.jpg\" rel=\"lightbox[1202]\"><img loading=\"lazy\" decoding=\"async\" class=\"size-full wp-image-1203 aligncenter\" title=\"DSC_0056\" src=\"http:\/\/aunomdanna.free.fr\/wordpress\/wp-content\/DSC_0056.jpg\" alt=\"\" width=\"400\" height=\"252\" \/><\/a><\/p>\n<p style=\"text-align: center;\"><a href=\"http:\/\/aunomdanna.free.fr\/wordpress\/wp-content\/DSC_0075.jpg\" rel=\"lightbox[1202]\"><img loading=\"lazy\" decoding=\"async\" class=\"size-full wp-image-1204 aligncenter\" title=\"DSC_0075\" src=\"http:\/\/aunomdanna.free.fr\/wordpress\/wp-content\/DSC_0075.jpg\" alt=\"\" width=\"400\" height=\"299\" \/><\/a><\/p>\n<p style=\"text-align: center;\"><a href=\"http:\/\/aunomdanna.free.fr\/wordpress\/wp-content\/DSC_0076.jpg\" rel=\"lightbox[1202]\"><img loading=\"lazy\" decoding=\"async\" class=\"size-full wp-image-1205 aligncenter\" title=\"DSC_0076\" src=\"http:\/\/aunomdanna.free.fr\/wordpress\/wp-content\/DSC_0076.jpg\" alt=\"\" width=\"400\" height=\"308\" \/><\/a><\/p>\n","protected":false},"excerpt":{"rendered":"<p>Dimanche 27 mars a eu lieu la 20\u00e8me \u00e9dition du tour de la ville de Dom\u00e8ne. Malgr\u00e9 le temps incertain, une 20aine de courageux (adultes mais aussi enfants) ont couru \u00ab\u00a0Au Nom d&rsquo;Anna\u00a0\u00bb. Tous portaient le T-Shirt vert et rose aux couleurs de l&rsquo;\u00e9v\u00e9nement \u00ab\u00a0A Rett toi pour courir\u00a0\u00bb&#8230;<\/p>\n","protected":false},"author":1,"featured_media":0,"comment_status":"open","ping_status":"open","sticky":false,"template":"","format":"standard","meta":{"_jetpack_memberships_contains_paid_content":false,"footnotes":""},"categories":[4,2],"tags":[],"class_list":["post-1202","post","type-post","status-publish","format-standard","hentry","category-la-vie-de-lassociation","category-a-rett-toi-pour-courir"],"jetpack_featured_media_url":"","jetpack_sharing_enabled":true,"_links":{"self":[{"href":"https:\/\/www.aunomdanna.fr\/blog\/index.php?rest_route=\/wp\/v2\/posts\/1202","targetHints":{"allow":["GET"]}}],"collection":[{"href":"https:\/\/www.aunomdanna.fr\/blog\/index.php?rest_route=\/wp\/v2\/posts"}],"about":[{"href":"https:\/\/www.aunomdanna.fr\/blog\/index.php?rest_route=\/wp\/v2\/types\/post"}],"author":[{"embeddable":true,"href":"https:\/\/www.aunomdanna.fr\/blog\/index.php?rest_route=\/wp\/v2\/users\/1"}],"replies":[{"embeddable":true,"href":"https:\/\/www.aunomdanna.fr\/blog\/index.php?rest_route=%2Fwp%2Fv2%2Fcomments&post=1202"}],"version-history":[{"count":0,"href":"https:\/\/www.aunomdanna.fr\/blog\/index.php?rest_route=\/wp\/v2\/posts\/1202\/revisions"}],"wp:attachment":[{"href":"https:\/\/www.aunomdanna.fr\/blog\/index.php?rest_route=%2Fwp%2Fv2%2Fmedia&parent=1202"}],"wp:term":[{"taxonomy":"category","embeddable":true,"href":"https:\/\/www.aunomdanna.fr\/blog\/index.php?rest_route=%2Fwp%2Fv2%2Fcategories&post=1202"},{"taxonomy":"post_tag","embeddable":true,"href":"https:\/\/www.aunomdanna.fr\/blog\/index.php?rest_route=%2Fwp%2Fv2%2Ftags&post=1202"}],"curies":[{"name":"wp","href":"https:\/\/api.w.org\/{rel}","templated":true}]}}