{"id":1232,"date":"2011-04-05T11:18:24","date_gmt":"2011-04-05T09:18:24","guid":{"rendered":"http:\/\/aunomdanna.free.fr\/wordpress\/?p=1232"},"modified":"2011-04-05T11:18:24","modified_gmt":"2011-04-05T09:18:24","slug":"et-la-citrouille-se-transforma-en","status":"publish","type":"post","link":"https:\/\/www.aunomdanna.fr\/blog\/?p=1232","title":{"rendered":"Et la citrouille se transforma en&#8230;"},"content":{"rendered":"<p style=\"text-align: center;\"><a href=\"http:\/\/aunomdanna.free.fr\/wordpress\/wp-content\/Logo-ARettred13.jpg\" rel=\"lightbox[1232]\"><img loading=\"lazy\" decoding=\"async\" class=\"size-full wp-image-1234 aligncenter\" title=\"Logo ARettred\" src=\"http:\/\/aunomdanna.free.fr\/wordpress\/wp-content\/Logo-ARettred13.jpg\" alt=\"\" width=\"50\" height=\"51\" \/><\/a><\/p>\n<p>Un grand merci \u00e0 Christiane et Alain  LEDEUN, les parents de Claire\u00a0 la kin\u00e9 d&rsquo;Anna, qui ont r\u00e9pondu tout de  suite \u00e0 l&rsquo;appel lanc\u00e9 et qui\u00a0 pr\u00eateront leur camping-car \u00e0 Anna et ses parents pendant toute  la course.<\/p>\n<p>Margo et Pascal sont tr\u00e8s touch\u00e9s par ce geste.  Gr\u00e2ce \u00e0 leur generosit\u00e9 Anna pourra faire le grand voyage de Lille \u00e0  Marseille confortablement install\u00e9e et avoir un coin repos toujours  disponible.<\/p>\n<p>Merci \u00e0 eux&#8230;<\/p>\n<p style=\"text-align: center;\"><a href=\"http:\/\/aunomdanna.free.fr\/wordpress\/wp-content\/DSC06004.jpg\" rel=\"lightbox[1232]\"><img loading=\"lazy\" decoding=\"async\" class=\"size-full wp-image-1233 aligncenter\" title=\"DSC06004\" src=\"http:\/\/aunomdanna.free.fr\/wordpress\/wp-content\/DSC06004.jpg\" alt=\"\" width=\"400\" height=\"269\" \/><\/a><\/p>\n","protected":false},"excerpt":{"rendered":"<p>Un grand merci \u00e0 Christiane et Alain LEDEUN, les parents de Claire\u00a0 la kin\u00e9 d&rsquo;Anna, qui ont r\u00e9pondu tout de suite \u00e0 l&rsquo;appel lanc\u00e9 et qui\u00a0 pr\u00eateront leur camping-car \u00e0 Anna et ses parents pendant toute la course. Margo et Pascal sont tr\u00e8s touch\u00e9s par ce geste. Gr\u00e2ce \u00e0 leur generosit\u00e9 Anna pourra faire le&#8230; <\/p>\n<div class=\"link-more\"><a href=\"https:\/\/www.aunomdanna.fr\/blog\/?p=1232\">En savoir plus<\/a><\/div>\n","protected":false},"author":1,"featured_media":0,"comment_status":"open","ping_status":"open","sticky":false,"template":"","format":"standard","meta":{"_jetpack_memberships_contains_paid_content":false,"footnotes":""},"categories":[4,2],"tags":[],"class_list":["post-1232","post","type-post","status-publish","format-standard","hentry","category-la-vie-de-lassociation","category-a-rett-toi-pour-courir"],"jetpack_featured_media_url":"","jetpack_sharing_enabled":true,"_links":{"self":[{"href":"https:\/\/www.aunomdanna.fr\/blog\/index.php?rest_route=\/wp\/v2\/posts\/1232","targetHints":{"allow":["GET"]}}],"collection":[{"href":"https:\/\/www.aunomdanna.fr\/blog\/index.php?rest_route=\/wp\/v2\/posts"}],"about":[{"href":"https:\/\/www.aunomdanna.fr\/blog\/index.php?rest_route=\/wp\/v2\/types\/post"}],"author":[{"embeddable":true,"href":"https:\/\/www.aunomdanna.fr\/blog\/index.php?rest_route=\/wp\/v2\/users\/1"}],"replies":[{"embeddable":true,"href":"https:\/\/www.aunomdanna.fr\/blog\/index.php?rest_route=%2Fwp%2Fv2%2Fcomments&post=1232"}],"version-history":[{"count":0,"href":"https:\/\/www.aunomdanna.fr\/blog\/index.php?rest_route=\/wp\/v2\/posts\/1232\/revisions"}],"wp:attachment":[{"href":"https:\/\/www.aunomdanna.fr\/blog\/index.php?rest_route=%2Fwp%2Fv2%2Fmedia&parent=1232"}],"wp:term":[{"taxonomy":"category","embeddable":true,"href":"https:\/\/www.aunomdanna.fr\/blog\/index.php?rest_route=%2Fwp%2Fv2%2Fcategories&post=1232"},{"taxonomy":"post_tag","embeddable":true,"href":"https:\/\/www.aunomdanna.fr\/blog\/index.php?rest_route=%2Fwp%2Fv2%2Ftags&post=1232"}],"curies":[{"name":"wp","href":"https:\/\/api.w.org\/{rel}","templated":true}]}}