{"id":1254,"date":"2011-04-20T23:15:13","date_gmt":"2011-04-20T21:15:13","guid":{"rendered":"http:\/\/aunomdanna.free.fr\/wordpress\/?p=1254"},"modified":"2011-04-20T23:15:13","modified_gmt":"2011-04-20T21:15:13","slug":"un-concert-pour-louverture-de-la-course","status":"publish","type":"post","link":"https:\/\/www.aunomdanna.fr\/blog\/?p=1254","title":{"rendered":"Un concert pour l&rsquo;ouverture de la course"},"content":{"rendered":"<div><a href=\"http:\/\/aunomdanna.free.fr\/wordpress\/wp-content\/Logo-ARettred14.jpg\" rel=\"lightbox[1254]\"><img loading=\"lazy\" decoding=\"async\" class=\"size-full wp-image-1256 aligncenter\" title=\"Logo ARettred\" src=\"http:\/\/aunomdanna.free.fr\/wordpress\/wp-content\/Logo-ARettred14.jpg\" alt=\"\" width=\"50\" height=\"51\" \/><\/a><\/div>\n<div>Le groupe vocal Crescendo participera \u00e0 la soir\u00e9e d&rsquo;ouverture de la course, le 7 mai 2011 \u00e0 Erquinghem.<\/div>\n<div><\/div>\n<div><em><span style=\"color: #000080;\">En quelques lignes, en quelques mots, un petit air, une chanson, une folle po\u00e9sie, un petit brin de fantaisie qui nous ressemblent et qui nous lient, mais au-del\u00e0 de la musique et au d\u00e9tour des partitions, Crescendo, ce sont des voix, toujours complices et des refrains plein d&rsquo;\u00e9motions, des pages de vie qui s&rsquo;accomplissent, des m\u00e9lodies joyeuses ou tristes, comme on en vit, \u00e0 la maison&#8230;<\/span><\/em><\/div>\n<div><em><span style=\"color: #000080;\">Certains diront \u00ab\u00a0spectacle vivant\u00a0\u00bb, d&rsquo;autres, \u00ab\u00a0com\u00e9die musicale\u00a0\u00bb&#8230; Sans partition, le groupe chante en \u00e9voluant sur les planches. Par ses mises en sc\u00e8ne originales, Crescendo fait vivre le chant et le donne \u00e0 vivre autrement.<\/span><\/em><\/div>\n<div>Web :\u00a0<a href=\"mailbox:\/\/\/C%7C\/Documents%20and%20Settings\/Compaq_Propri%E9taire\/Application%20Data\/Thunderbird\/Profiles\/a9kjfwiq.default\/Mail\/pop.orange-2.fr\/Inbox?number=-339561262\">http:\/\/www.crescendo-vocal.fr<\/a><\/div>\n<div><\/div>\n<div><a href=\"http:\/\/aunomdanna.free.fr\/wordpress\/wp-content\/groupeCrescendo-Octobre-2010.jpg\" rel=\"lightbox[1254]\"><img loading=\"lazy\" decoding=\"async\" class=\"size-full wp-image-1255 aligncenter\" title=\"groupeCrescendo Octobre 2010\" src=\"http:\/\/aunomdanna.free.fr\/wordpress\/wp-content\/groupeCrescendo-Octobre-2010.jpg\" alt=\"\" width=\"400\" height=\"169\" \/><\/a><\/div>\n","protected":false},"excerpt":{"rendered":"<p>Le groupe vocal Crescendo participera \u00e0 la soir\u00e9e d&rsquo;ouverture de la course, le 7 mai 2011 \u00e0 Erquinghem. En quelques lignes, en quelques mots, un petit air, une chanson, une folle po\u00e9sie, un petit brin de fantaisie qui nous ressemblent et qui nous lient, mais au-del\u00e0 de la musique et au d\u00e9tour des partitions, Crescendo,&#8230; <\/p>\n<div class=\"link-more\"><a href=\"https:\/\/www.aunomdanna.fr\/blog\/?p=1254\">En savoir plus<\/a><\/div>\n","protected":false},"author":1,"featured_media":0,"comment_status":"open","ping_status":"open","sticky":false,"template":"","format":"standard","meta":{"_jetpack_memberships_contains_paid_content":false,"footnotes":""},"categories":[4,2],"tags":[],"class_list":["post-1254","post","type-post","status-publish","format-standard","hentry","category-la-vie-de-lassociation","category-a-rett-toi-pour-courir"],"jetpack_featured_media_url":"","jetpack_sharing_enabled":true,"_links":{"self":[{"href":"https:\/\/www.aunomdanna.fr\/blog\/index.php?rest_route=\/wp\/v2\/posts\/1254","targetHints":{"allow":["GET"]}}],"collection":[{"href":"https:\/\/www.aunomdanna.fr\/blog\/index.php?rest_route=\/wp\/v2\/posts"}],"about":[{"href":"https:\/\/www.aunomdanna.fr\/blog\/index.php?rest_route=\/wp\/v2\/types\/post"}],"author":[{"embeddable":true,"href":"https:\/\/www.aunomdanna.fr\/blog\/index.php?rest_route=\/wp\/v2\/users\/1"}],"replies":[{"embeddable":true,"href":"https:\/\/www.aunomdanna.fr\/blog\/index.php?rest_route=%2Fwp%2Fv2%2Fcomments&post=1254"}],"version-history":[{"count":0,"href":"https:\/\/www.aunomdanna.fr\/blog\/index.php?rest_route=\/wp\/v2\/posts\/1254\/revisions"}],"wp:attachment":[{"href":"https:\/\/www.aunomdanna.fr\/blog\/index.php?rest_route=%2Fwp%2Fv2%2Fmedia&parent=1254"}],"wp:term":[{"taxonomy":"category","embeddable":true,"href":"https:\/\/www.aunomdanna.fr\/blog\/index.php?rest_route=%2Fwp%2Fv2%2Fcategories&post=1254"},{"taxonomy":"post_tag","embeddable":true,"href":"https:\/\/www.aunomdanna.fr\/blog\/index.php?rest_route=%2Fwp%2Fv2%2Ftags&post=1254"}],"curies":[{"name":"wp","href":"https:\/\/api.w.org\/{rel}","templated":true}]}}