{"id":1269,"date":"2011-04-25T21:46:14","date_gmt":"2011-04-25T19:46:14","guid":{"rendered":"http:\/\/aunomdanna.free.fr\/wordpress\/?p=1269"},"modified":"2011-04-25T21:46:14","modified_gmt":"2011-04-25T19:46:14","slug":"un-velo-particulier-pour-une-course-particuliere","status":"publish","type":"post","link":"https:\/\/www.aunomdanna.fr\/blog\/?p=1269","title":{"rendered":"Un v\u00e9lo sur mesure&#8230;"},"content":{"rendered":"<p style=\"text-align: center;\"><a href=\"http:\/\/aunomdanna.free.fr\/wordpress\/wp-content\/Logo-ARettred15.jpg\" rel=\"lightbox[1269]\"><img loading=\"lazy\" decoding=\"async\" class=\"size-full wp-image-1273 aligncenter\" title=\"Logo ARettred\" src=\"http:\/\/aunomdanna.free.fr\/wordpress\/wp-content\/Logo-ARettred15.jpg\" alt=\"\" width=\"50\" height=\"51\" \/><\/a><\/p>\n<p>Ce vendredi Anna a test\u00e9 le v\u00e9lo qui accompagnera la  course ARTPC de Lille \u00e0 Marseille.<br \/>\nLa conception du v\u00e9lo \u00ab\u00a01 personne invalide + 1 personne accompagnatrice\u00a0\u00bb a \u00e9t\u00e9 r\u00e9alis\u00e9e par un groupe d&rsquo;\u00e9tudiants de 2eme ann\u00e9e d&rsquo;IUT g\u00e9nie m\u00e9canique de  Grenoble.<br \/>\nCe v\u00e9lo est pratiquement achev\u00e9, il ne manque plus que les appuis pour les pieds  (les \u00e9tudiants ont pris des mesures \u00e0 partir des pieds d&rsquo;Anna) et &#8230;.  un joli nom.<br \/>\nAnna a pu\u00a0 faire une petite balade, elle a d&rsquo;ailleurs ador\u00e9 !<br \/>\nUn des \u00e9tudiants, J\u00e9r\u00e9mie, accompagnera la course de Lille jusqu&rsquo;\u00e0  Marseille pour assurer le bon fonctionnement du v\u00e9lo.<\/p>\n<p>Attention : les familles de l&rsquo;AFSR qui souhaitent essayer le v\u00e9lo et   faire un bout de chemin avec, peuvent contacter Margo pour plus  d&rsquo;infos  et pour s&rsquo;inscrire :<a href=\"mailto:margo.debaty@wanadoo.fr\"> margo.debaty@wanadoo.fr<\/a><\/p>\n<p style=\"text-align: center;\"><a href=\"http:\/\/aunomdanna.free.fr\/wordpress\/wp-content\/P1000599red.jpg\" rel=\"lightbox[1269]\"><img loading=\"lazy\" decoding=\"async\" class=\"size-full wp-image-1270 aligncenter\" title=\"P1000599red\" src=\"http:\/\/aunomdanna.free.fr\/wordpress\/wp-content\/P1000599red.jpg\" alt=\"\" width=\"400\" height=\"231\" \/><\/a><\/p>\n<p style=\"text-align: center;\"><a href=\"http:\/\/aunomdanna.free.fr\/wordpress\/wp-content\/P1000632red.jpg\" rel=\"lightbox[1269]\"><img loading=\"lazy\" decoding=\"async\" class=\"size-full wp-image-1271 aligncenter\" title=\"P1000632red\" src=\"http:\/\/aunomdanna.free.fr\/wordpress\/wp-content\/P1000632red.jpg\" alt=\"\" width=\"400\" height=\"327\" \/><\/a><\/p>\n<p style=\"text-align: center;\"><a href=\"http:\/\/aunomdanna.free.fr\/wordpress\/wp-content\/P1000627red.jpg\" rel=\"lightbox[1269]\"><img loading=\"lazy\" decoding=\"async\" class=\"size-full wp-image-1272 aligncenter\" title=\"P1000627red\" src=\"http:\/\/aunomdanna.free.fr\/wordpress\/wp-content\/P1000627red.jpg\" alt=\"\" width=\"400\" height=\"300\" \/><\/a><\/p>\n","protected":false},"excerpt":{"rendered":"<p>Ce vendredi Anna a test\u00e9 le v\u00e9lo qui accompagnera la course ARTPC de Lille \u00e0 Marseille. La conception du v\u00e9lo \u00ab\u00a01 personne invalide + 1 personne accompagnatrice\u00a0\u00bb a \u00e9t\u00e9 r\u00e9alis\u00e9e par un groupe d&rsquo;\u00e9tudiants de 2eme ann\u00e9e d&rsquo;IUT g\u00e9nie m\u00e9canique de Grenoble. Ce v\u00e9lo est pratiquement achev\u00e9, il ne manque plus que les appuis pour&#8230; <\/p>\n<div class=\"link-more\"><a href=\"https:\/\/www.aunomdanna.fr\/blog\/?p=1269\">En savoir plus<\/a><\/div>\n","protected":false},"author":1,"featured_media":0,"comment_status":"open","ping_status":"open","sticky":false,"template":"","format":"standard","meta":{"_jetpack_memberships_contains_paid_content":false,"footnotes":""},"categories":[4,2],"tags":[],"class_list":["post-1269","post","type-post","status-publish","format-standard","hentry","category-la-vie-de-lassociation","category-a-rett-toi-pour-courir"],"jetpack_featured_media_url":"","jetpack_sharing_enabled":true,"_links":{"self":[{"href":"https:\/\/www.aunomdanna.fr\/blog\/index.php?rest_route=\/wp\/v2\/posts\/1269","targetHints":{"allow":["GET"]}}],"collection":[{"href":"https:\/\/www.aunomdanna.fr\/blog\/index.php?rest_route=\/wp\/v2\/posts"}],"about":[{"href":"https:\/\/www.aunomdanna.fr\/blog\/index.php?rest_route=\/wp\/v2\/types\/post"}],"author":[{"embeddable":true,"href":"https:\/\/www.aunomdanna.fr\/blog\/index.php?rest_route=\/wp\/v2\/users\/1"}],"replies":[{"embeddable":true,"href":"https:\/\/www.aunomdanna.fr\/blog\/index.php?rest_route=%2Fwp%2Fv2%2Fcomments&post=1269"}],"version-history":[{"count":0,"href":"https:\/\/www.aunomdanna.fr\/blog\/index.php?rest_route=\/wp\/v2\/posts\/1269\/revisions"}],"wp:attachment":[{"href":"https:\/\/www.aunomdanna.fr\/blog\/index.php?rest_route=%2Fwp%2Fv2%2Fmedia&parent=1269"}],"wp:term":[{"taxonomy":"category","embeddable":true,"href":"https:\/\/www.aunomdanna.fr\/blog\/index.php?rest_route=%2Fwp%2Fv2%2Fcategories&post=1269"},{"taxonomy":"post_tag","embeddable":true,"href":"https:\/\/www.aunomdanna.fr\/blog\/index.php?rest_route=%2Fwp%2Fv2%2Ftags&post=1269"}],"curies":[{"name":"wp","href":"https:\/\/api.w.org\/{rel}","templated":true}]}}