{"id":1796,"date":"2012-02-11T22:04:42","date_gmt":"2012-02-11T20:04:42","guid":{"rendered":"http:\/\/aunomdanna.free.fr\/wordpress\/?p=1796"},"modified":"2012-02-11T22:04:42","modified_gmt":"2012-02-11T20:04:42","slug":"les-juniors-1-senvolent","status":"publish","type":"post","link":"https:\/\/www.aunomdanna.fr\/blog\/?p=1796","title":{"rendered":"Les Juniors 1 s&rsquo;envolent&#8230;"},"content":{"rendered":"<p>Lundi 6 f\u00e9vrier apr\u00e9s-midi, avec ses 7 camarades du groupe des Juniors 1 de Ninon Vallin, Anna a effectu\u00e9 \u00e0 l&rsquo;a\u00e9rodrome du Versoud un bapt\u00e8me de l&rsquo;air. Cette journ\u00e9e s&rsquo;inscrit dans le projet \u00e9ducatif du groupe\u00a0 \u00e0 savoir \u00ab\u00a0les moyens de transport\u00a0\u00bb.\u00a0Les jeunes ont pu d\u00e9couvrir des sensations nouvelles, des paysages enneig\u00e9s, somptueux : pistes des Sept Laux, plateau de St Hilaire, Refuge du Cret du Poulet&#8230;\u00a0Ils ont manifest\u00e9 beaucoup de joies et d&rsquo;\u00e9motions&#8230;.<\/p>\n<p>L&rsquo;\u00e9quipe \u00e9ducative encadrante remercie les pilotes Jean-Marie et Arnaud ainsi que Mr TRIQUES organisateur de ces vols.\u00a0Les \u00e9ducateurs remercient \u00e9galement les parents\u00a0b\u00e9n\u00e9voles\u00a0pour leur soutien ainsi que \u00ab\u00a0l&rsquo;Association au nom d&rsquo;Anna\u00a0\u00bb financeur de cette journ\u00e9e.<\/p>\n<p><a href=\"http:\/\/aunomdanna.free.fr\/wordpress\/wp-content\/P1110962.jpg\" rel=\"lightbox[1796]\"><img loading=\"lazy\" decoding=\"async\" class=\"size-full wp-image-1797 aligncenter\" title=\"P1110962\" src=\"http:\/\/aunomdanna.free.fr\/wordpress\/wp-content\/P1110962.jpg\" alt=\"\" width=\"400\" height=\"265\" \/><\/a><\/p>\n<p><a href=\"http:\/\/aunomdanna.free.fr\/wordpress\/wp-content\/P1020200.jpg\" rel=\"lightbox[1796]\"><img loading=\"lazy\" decoding=\"async\" class=\"size-full wp-image-1798 aligncenter\" title=\"P1020200\" src=\"http:\/\/aunomdanna.free.fr\/wordpress\/wp-content\/P1020200.jpg\" alt=\"\" width=\"277\" height=\"350\" \/><\/a><\/p>\n<p><a href=\"http:\/\/aunomdanna.free.fr\/wordpress\/wp-content\/P1110999.jpg\" rel=\"lightbox[1796]\"><img loading=\"lazy\" decoding=\"async\" class=\"size-full wp-image-1799 aligncenter\" title=\"P1110999\" src=\"http:\/\/aunomdanna.free.fr\/wordpress\/wp-content\/P1110999.jpg\" alt=\"\" width=\"400\" height=\"284\" \/><\/a><\/p>\n<p><a href=\"http:\/\/aunomdanna.free.fr\/wordpress\/wp-content\/P1110933.jpg\" rel=\"lightbox[1796]\"><img loading=\"lazy\" decoding=\"async\" class=\"size-full wp-image-1800 aligncenter\" title=\"P1110933\" src=\"http:\/\/aunomdanna.free.fr\/wordpress\/wp-content\/P1110933.jpg\" alt=\"\" width=\"400\" height=\"270\" \/><\/a><\/p>\n<p>&nbsp;<\/p>\n","protected":false},"excerpt":{"rendered":"<p>Lundi 6 f\u00e9vrier apr\u00e9s-midi, avec ses 7 camarades du groupe des Juniors 1 de Ninon Vallin, Anna a effectu\u00e9 \u00e0 l&rsquo;a\u00e9rodrome du Versoud un bapt\u00e8me de l&rsquo;air. Cette journ\u00e9e s&rsquo;inscrit dans le projet \u00e9ducatif du groupe\u00a0 \u00e0 savoir \u00ab\u00a0les moyens de transport\u00a0\u00bb.\u00a0Les jeunes ont pu d\u00e9couvrir des sensations nouvelles, des paysages enneig\u00e9s, somptueux : pistes&#8230; <\/p>\n<div class=\"link-more\"><a href=\"https:\/\/www.aunomdanna.fr\/blog\/?p=1796\">En savoir plus<\/a><\/div>\n","protected":false},"author":1,"featured_media":0,"comment_status":"open","ping_status":"open","sticky":false,"template":"","format":"standard","meta":{"_jetpack_memberships_contains_paid_content":false,"footnotes":""},"categories":[3,4],"tags":[],"class_list":["post-1796","post","type-post","status-publish","format-standard","hentry","category-quotidien","category-la-vie-de-lassociation"],"jetpack_featured_media_url":"","jetpack_sharing_enabled":true,"_links":{"self":[{"href":"https:\/\/www.aunomdanna.fr\/blog\/index.php?rest_route=\/wp\/v2\/posts\/1796","targetHints":{"allow":["GET"]}}],"collection":[{"href":"https:\/\/www.aunomdanna.fr\/blog\/index.php?rest_route=\/wp\/v2\/posts"}],"about":[{"href":"https:\/\/www.aunomdanna.fr\/blog\/index.php?rest_route=\/wp\/v2\/types\/post"}],"author":[{"embeddable":true,"href":"https:\/\/www.aunomdanna.fr\/blog\/index.php?rest_route=\/wp\/v2\/users\/1"}],"replies":[{"embeddable":true,"href":"https:\/\/www.aunomdanna.fr\/blog\/index.php?rest_route=%2Fwp%2Fv2%2Fcomments&post=1796"}],"version-history":[{"count":0,"href":"https:\/\/www.aunomdanna.fr\/blog\/index.php?rest_route=\/wp\/v2\/posts\/1796\/revisions"}],"wp:attachment":[{"href":"https:\/\/www.aunomdanna.fr\/blog\/index.php?rest_route=%2Fwp%2Fv2%2Fmedia&parent=1796"}],"wp:term":[{"taxonomy":"category","embeddable":true,"href":"https:\/\/www.aunomdanna.fr\/blog\/index.php?rest_route=%2Fwp%2Fv2%2Fcategories&post=1796"},{"taxonomy":"post_tag","embeddable":true,"href":"https:\/\/www.aunomdanna.fr\/blog\/index.php?rest_route=%2Fwp%2Fv2%2Ftags&post=1796"}],"curies":[{"name":"wp","href":"https:\/\/api.w.org\/{rel}","templated":true}]}}