{"id":1804,"date":"2012-03-02T21:39:03","date_gmt":"2012-03-02T19:39:03","guid":{"rendered":"http:\/\/aunomdanna.free.fr\/wordpress\/?p=1804"},"modified":"2012-03-02T21:39:03","modified_gmt":"2012-03-02T19:39:03","slug":"loperation-danna","status":"publish","type":"post","link":"https:\/\/www.aunomdanna.fr\/blog\/?p=1804","title":{"rendered":"L&rsquo;operation d&rsquo;Anna&#8230;"},"content":{"rendered":"<p>Anna a subi une intervention chirurgicale au niveau de ses 2 pieds le 23 f\u00e9vrier.<br \/>\nLe but de l&rsquo;op\u00e9ration \u00e9tait de corriger les d\u00e9formations dues \u00e0 sa  maladie afin de retrouver une bon positionnement et am\u00e9liorer la marche.<br \/>\nL&rsquo;intervention a dur\u00e9 2 heures environ. Anna n&rsquo;a pas tr\u00e8s bien support\u00e9  l&rsquo;anesth\u00e9sie g\u00e9n\u00e9rale et a \u00e9t\u00e9 tr\u00e8s fatigu\u00e9e pendant quelques jours.<\/p>\n<p><a href=\"http:\/\/aunomdanna.free.fr\/wordpress\/wp-content\/P1020312red.jpg\" rel=\"lightbox[1804]\"><img loading=\"lazy\" decoding=\"async\" class=\"size-full wp-image-1805 aligncenter\" title=\"P1020312red\" src=\"http:\/\/aunomdanna.free.fr\/wordpress\/wp-content\/P1020312red.jpg\" alt=\"\" width=\"400\" height=\"300\" \/><\/a><\/p>\n<p>Ses  parents ont \u00e9t\u00e9 pr\u00e9sents jours et nuits aupr\u00e8s d&rsquo;Anna. Elle a d&rsquo;ailleurs\u00a0eu beaucoup de visites d&rsquo;amis. M\u00eame les clowns \u00ab\u00a0Les nez Rouges\u00a0\u00bb sont venus la  voir !<\/p>\n<p><a href=\"http:\/\/aunomdanna.free.fr\/wordpress\/wp-content\/P1020277red.jpg\" rel=\"lightbox[1804]\"><img loading=\"lazy\" decoding=\"async\" class=\"size-full wp-image-1806 aligncenter\" title=\"P1020277red\" src=\"http:\/\/aunomdanna.free.fr\/wordpress\/wp-content\/P1020277red.jpg\" alt=\"\" width=\"400\" height=\"328\" \/><\/a><\/p>\n<p><a href=\"http:\/\/aunomdanna.free.fr\/wordpress\/wp-content\/P1020284red.jpg\" rel=\"lightbox[1804]\"><img loading=\"lazy\" decoding=\"async\" class=\"size-full wp-image-1807 aligncenter\" title=\"P1020284red\" src=\"http:\/\/aunomdanna.free.fr\/wordpress\/wp-content\/P1020284red.jpg\" alt=\"\" width=\"400\" height=\"336\" \/><\/a><br \/>\n<a href=\"http:\/\/aunomdanna.free.fr\/wordpress\/wp-content\/P1020286red.jpg\" rel=\"lightbox[1804]\"><img loading=\"lazy\" decoding=\"async\" class=\"size-full wp-image-1808 aligncenter\" title=\"P1020286red\" src=\"http:\/\/aunomdanna.free.fr\/wordpress\/wp-content\/P1020286red.jpg\" alt=\"\" width=\"269\" height=\"400\" \/><\/a><br \/>\nAvant de sortir de l&rsquo;h\u00f4pital Anna a eu une deuxi\u00e9me anesth\u00e9sie g\u00e9n\u00e9rale pour le changement des pl\u00e2tres et le soin des plaies.<br \/>\nElle est rentr\u00e9e \u00e0 la maison ce mercredi et va beaucoup mieux  maintenant. Elle retrouve petit \u00e0 petit son app\u00e9tit et le sommeil.<br \/>\nAvec ces pl\u00e2tres, la vie quotidienne d&rsquo;Anna est d\u00e9sormais tr\u00e8s compliqu\u00e9e : les d\u00e9placements se font en fauteuil roulant et\u00a0une infirmi\u00e8re vient le soir pour aider \u00e0 la douche.<\/p>\n<p>Malgr\u00e9 tout Anna reste tr\u00e8s souriante et courageuse. Elle va garder  ses pl\u00e2tres au minimum un mois puis attaquera une r\u00e9education pour  retrouver la marche.<br \/>\nAnna et ses parents remercient tous ceux qui ont envoy\u00e9 des messages d&rsquo;encouragement, pour les soutenir dans cette \u00e9preuve.<\/p>\n<p><a href=\"http:\/\/aunomdanna.free.fr\/wordpress\/wp-content\/P1020266red.jpg\" rel=\"lightbox[1804]\"><img loading=\"lazy\" decoding=\"async\" class=\"size-full wp-image-1816 aligncenter\" title=\"P1020266red\" src=\"http:\/\/aunomdanna.free.fr\/wordpress\/wp-content\/P1020266red.jpg\" alt=\"\" width=\"400\" height=\"351\" \/><\/a><\/p>\n","protected":false},"excerpt":{"rendered":"<p>Anna a subi une intervention chirurgicale au niveau de ses 2 pieds le 23 f\u00e9vrier. Le but de l&rsquo;op\u00e9ration \u00e9tait de corriger les d\u00e9formations dues \u00e0 sa maladie afin de retrouver une bon positionnement et am\u00e9liorer la marche. L&rsquo;intervention a dur\u00e9 2 heures environ. Anna n&rsquo;a pas tr\u00e8s bien support\u00e9 l&rsquo;anesth\u00e9sie g\u00e9n\u00e9rale et a \u00e9t\u00e9&#8230; <\/p>\n<div class=\"link-more\"><a href=\"https:\/\/www.aunomdanna.fr\/blog\/?p=1804\">En savoir plus<\/a><\/div>\n","protected":false},"author":1,"featured_media":0,"comment_status":"open","ping_status":"open","sticky":false,"template":"","format":"standard","meta":{"_jetpack_memberships_contains_paid_content":false,"footnotes":""},"categories":[3],"tags":[],"class_list":["post-1804","post","type-post","status-publish","format-standard","hentry","category-quotidien"],"jetpack_featured_media_url":"","jetpack_sharing_enabled":true,"_links":{"self":[{"href":"https:\/\/www.aunomdanna.fr\/blog\/index.php?rest_route=\/wp\/v2\/posts\/1804","targetHints":{"allow":["GET"]}}],"collection":[{"href":"https:\/\/www.aunomdanna.fr\/blog\/index.php?rest_route=\/wp\/v2\/posts"}],"about":[{"href":"https:\/\/www.aunomdanna.fr\/blog\/index.php?rest_route=\/wp\/v2\/types\/post"}],"author":[{"embeddable":true,"href":"https:\/\/www.aunomdanna.fr\/blog\/index.php?rest_route=\/wp\/v2\/users\/1"}],"replies":[{"embeddable":true,"href":"https:\/\/www.aunomdanna.fr\/blog\/index.php?rest_route=%2Fwp%2Fv2%2Fcomments&post=1804"}],"version-history":[{"count":0,"href":"https:\/\/www.aunomdanna.fr\/blog\/index.php?rest_route=\/wp\/v2\/posts\/1804\/revisions"}],"wp:attachment":[{"href":"https:\/\/www.aunomdanna.fr\/blog\/index.php?rest_route=%2Fwp%2Fv2%2Fmedia&parent=1804"}],"wp:term":[{"taxonomy":"category","embeddable":true,"href":"https:\/\/www.aunomdanna.fr\/blog\/index.php?rest_route=%2Fwp%2Fv2%2Fcategories&post=1804"},{"taxonomy":"post_tag","embeddable":true,"href":"https:\/\/www.aunomdanna.fr\/blog\/index.php?rest_route=%2Fwp%2Fv2%2Ftags&post=1804"}],"curies":[{"name":"wp","href":"https:\/\/api.w.org\/{rel}","templated":true}]}}