{"id":1826,"date":"2012-03-28T23:16:37","date_gmt":"2012-03-28T21:16:37","guid":{"rendered":"http:\/\/aunomdanna.free.fr\/wordpress\/?p=1826"},"modified":"2012-03-28T23:16:37","modified_gmt":"2012-03-28T21:16:37","slug":"tour-de-la-ville-de-domene-2","status":"publish","type":"post","link":"https:\/\/www.aunomdanna.fr\/blog\/?p=1826","title":{"rendered":"Le tour de la ville"},"content":{"rendered":"<p>Dimanche dernier, sous le soleil printanier, Anna a soutenu les participants de la course annuelle \u00ab\u00a0Tour de la Ville\u00a0\u00bb : les 10 kilom\u00e8tres de Dom\u00e8ne. \u00a0De nombreux athl\u00e8tes portaient le tee shirt \u00ab\u00a0Au nom d&rsquo;Anna\u00a0\u00bb. Certains ont m\u00eame gagn\u00e9 des coupes !!<\/p>\n<p>Rendez-vous l&rsquo;ann\u00e9e prochaine pour l&rsquo;\u00e9dition suivante&#8230;<\/p>\n<p><a href=\"http:\/\/aunomdanna.free.fr\/wordpress\/wp-content\/P1020371red.jpg\" rel=\"lightbox[1826]\"><img loading=\"lazy\" decoding=\"async\" class=\"size-full wp-image-1827 aligncenter\" title=\"P1020371red\" src=\"http:\/\/aunomdanna.free.fr\/wordpress\/wp-content\/P1020371red.jpg\" alt=\"\" width=\"400\" height=\"300\" \/><\/a><\/p>\n<p><a href=\"http:\/\/aunomdanna.free.fr\/wordpress\/wp-content\/P1020385red.jpg\" rel=\"lightbox[1826]\"><img loading=\"lazy\" decoding=\"async\" class=\"size-full wp-image-1828 aligncenter\" title=\"P1020385red\" src=\"http:\/\/aunomdanna.free.fr\/wordpress\/wp-content\/P1020385red.jpg\" alt=\"\" width=\"400\" height=\"375\" \/><\/a><\/p>\n<p><a href=\"http:\/\/aunomdanna.free.fr\/wordpress\/wp-content\/P1020387red.jpg\" rel=\"lightbox[1826]\"><img loading=\"lazy\" decoding=\"async\" class=\"size-full wp-image-1829 aligncenter\" title=\"P1020387red\" src=\"http:\/\/aunomdanna.free.fr\/wordpress\/wp-content\/P1020387red.jpg\" alt=\"\" width=\"400\" height=\"310\" \/><\/a><\/p>\n","protected":false},"excerpt":{"rendered":"<p>Dimanche dernier, sous le soleil printanier, Anna a soutenu les participants de la course annuelle \u00ab\u00a0Tour de la Ville\u00a0\u00bb : les 10 kilom\u00e8tres de Dom\u00e8ne. \u00a0De nombreux athl\u00e8tes portaient le tee shirt \u00ab\u00a0Au nom d&rsquo;Anna\u00a0\u00bb. Certains ont m\u00eame gagn\u00e9 des coupes !! Rendez-vous l&rsquo;ann\u00e9e prochaine pour l&rsquo;\u00e9dition suivante&#8230;<\/p>\n","protected":false},"author":1,"featured_media":0,"comment_status":"open","ping_status":"open","sticky":false,"template":"","format":"standard","meta":{"_jetpack_memberships_contains_paid_content":false,"footnotes":""},"categories":[4],"tags":[],"class_list":["post-1826","post","type-post","status-publish","format-standard","hentry","category-la-vie-de-lassociation"],"jetpack_featured_media_url":"","jetpack_sharing_enabled":true,"_links":{"self":[{"href":"https:\/\/www.aunomdanna.fr\/blog\/index.php?rest_route=\/wp\/v2\/posts\/1826","targetHints":{"allow":["GET"]}}],"collection":[{"href":"https:\/\/www.aunomdanna.fr\/blog\/index.php?rest_route=\/wp\/v2\/posts"}],"about":[{"href":"https:\/\/www.aunomdanna.fr\/blog\/index.php?rest_route=\/wp\/v2\/types\/post"}],"author":[{"embeddable":true,"href":"https:\/\/www.aunomdanna.fr\/blog\/index.php?rest_route=\/wp\/v2\/users\/1"}],"replies":[{"embeddable":true,"href":"https:\/\/www.aunomdanna.fr\/blog\/index.php?rest_route=%2Fwp%2Fv2%2Fcomments&post=1826"}],"version-history":[{"count":0,"href":"https:\/\/www.aunomdanna.fr\/blog\/index.php?rest_route=\/wp\/v2\/posts\/1826\/revisions"}],"wp:attachment":[{"href":"https:\/\/www.aunomdanna.fr\/blog\/index.php?rest_route=%2Fwp%2Fv2%2Fmedia&parent=1826"}],"wp:term":[{"taxonomy":"category","embeddable":true,"href":"https:\/\/www.aunomdanna.fr\/blog\/index.php?rest_route=%2Fwp%2Fv2%2Fcategories&post=1826"},{"taxonomy":"post_tag","embeddable":true,"href":"https:\/\/www.aunomdanna.fr\/blog\/index.php?rest_route=%2Fwp%2Fv2%2Ftags&post=1826"}],"curies":[{"name":"wp","href":"https:\/\/api.w.org\/{rel}","templated":true}]}}