{"id":1940,"date":"2012-10-15T20:52:17","date_gmt":"2012-10-15T18:52:17","guid":{"rendered":"http:\/\/aunomdanna.free.fr\/wordpress\/?p=1940"},"modified":"2012-10-15T20:52:17","modified_gmt":"2012-10-15T18:52:17","slug":"telethon-2012-en-chansons","status":"publish","type":"post","link":"https:\/\/www.aunomdanna.fr\/blog\/?p=1940","title":{"rendered":"TELETHON 2012 en chansons"},"content":{"rendered":"<p>Dans le cadre du T\u00e9l\u00e9thon 2012, \u00e9v\u00e8nement national, l&rsquo;Association \u00a0\u00abAu Nom d&rsquo;Anna\u00a0\u00bb organisera \u00e0 Dom\u00e8ne le vendredi 30 novembre une manifestation pour soutenir la recherche m\u00e9dicale concernant les maladies rares.<\/p>\n<p>Apr\u00e8s le grand succ\u00e8s des deux T\u00e9l\u00e9thons pr\u00e9c\u00e9dents (en 2007 et en 2009) nous souhaitons mettre en place un \u00e9v\u00e9nement festif qui aura comme th\u00e8me \u00a0la musique\u00a0:<\/p>\n<p><strong>\u00ab\u00a0TELETHON\u00a0 EN CHANSONS\u00a0\u00bb<\/strong><\/p>\n<p>La manifestation se d\u00e9roulera \u00e0 l\u2019ESCAPADE, salle de f\u00eates de Dom\u00e8ne, le vendredi 30 novembre d\u00e8s la sortie des classes.<\/p>\n<p>Tous les b\u00e9n\u00e9fices de cette journ\u00e9e seront enti\u00e8rement revers\u00e9s au T\u00e9l\u00e9thon.<\/p>\n<p>Nous vous proposons d\u2019y participer et comptons sur votre g\u00e9n\u00e9rosit\u00e9 pour nous aider \u00e0 mettre en place cet \u00e9v\u00e9nement exceptionnel.<\/p>\n<p>Les horaires et l\u2019ordre des repr\u00e9sentations\u00a0 sont \u00e0 convenir avec les intervenants.<\/p>\n<p>Nous aurons besoin de vous tous pour la logistique et le bon d\u00e9roulement de cette soir\u00e9e.<\/p>\n<p>Merci d\u2019avance pour votre pr\u00e9sence.<\/p>\n<p><a href=\"http:\/\/aunomdanna.free.fr\/wordpress\/wp-content\/affiche-T\u00e9l\u00e9thon-2012.jpg\" rel=\"lightbox[1940]\"><img loading=\"lazy\" decoding=\"async\" class=\"size-full wp-image-1941 aligncenter\" title=\"Diapositive 1\" src=\"http:\/\/aunomdanna.free.fr\/wordpress\/wp-content\/affiche-T\u00e9l\u00e9thon-2012.jpg\" alt=\"\" width=\"350\" height=\"467\" \/><\/a><\/p>\n<p>&nbsp;<\/p>\n","protected":false},"excerpt":{"rendered":"<p>Dans le cadre du T\u00e9l\u00e9thon 2012, \u00e9v\u00e8nement national, l&rsquo;Association \u00a0\u00abAu Nom d&rsquo;Anna\u00a0\u00bb organisera \u00e0 Dom\u00e8ne le vendredi 30 novembre une manifestation pour soutenir la recherche m\u00e9dicale concernant les maladies rares. Apr\u00e8s le grand succ\u00e8s des deux T\u00e9l\u00e9thons pr\u00e9c\u00e9dents (en 2007 et en 2009) nous souhaitons mettre en place un \u00e9v\u00e9nement festif qui aura comme th\u00e8me&#8230; <\/p>\n<div class=\"link-more\"><a href=\"https:\/\/www.aunomdanna.fr\/blog\/?p=1940\">En savoir plus<\/a><\/div>\n","protected":false},"author":1,"featured_media":0,"comment_status":"open","ping_status":"open","sticky":false,"template":"","format":"standard","meta":{"_jetpack_memberships_contains_paid_content":false,"footnotes":""},"categories":[4,5],"tags":[],"class_list":["post-1940","post","type-post","status-publish","format-standard","hentry","category-la-vie-de-lassociation","category-le-telethon"],"jetpack_featured_media_url":"","jetpack_sharing_enabled":true,"_links":{"self":[{"href":"https:\/\/www.aunomdanna.fr\/blog\/index.php?rest_route=\/wp\/v2\/posts\/1940","targetHints":{"allow":["GET"]}}],"collection":[{"href":"https:\/\/www.aunomdanna.fr\/blog\/index.php?rest_route=\/wp\/v2\/posts"}],"about":[{"href":"https:\/\/www.aunomdanna.fr\/blog\/index.php?rest_route=\/wp\/v2\/types\/post"}],"author":[{"embeddable":true,"href":"https:\/\/www.aunomdanna.fr\/blog\/index.php?rest_route=\/wp\/v2\/users\/1"}],"replies":[{"embeddable":true,"href":"https:\/\/www.aunomdanna.fr\/blog\/index.php?rest_route=%2Fwp%2Fv2%2Fcomments&post=1940"}],"version-history":[{"count":0,"href":"https:\/\/www.aunomdanna.fr\/blog\/index.php?rest_route=\/wp\/v2\/posts\/1940\/revisions"}],"wp:attachment":[{"href":"https:\/\/www.aunomdanna.fr\/blog\/index.php?rest_route=%2Fwp%2Fv2%2Fmedia&parent=1940"}],"wp:term":[{"taxonomy":"category","embeddable":true,"href":"https:\/\/www.aunomdanna.fr\/blog\/index.php?rest_route=%2Fwp%2Fv2%2Fcategories&post=1940"},{"taxonomy":"post_tag","embeddable":true,"href":"https:\/\/www.aunomdanna.fr\/blog\/index.php?rest_route=%2Fwp%2Fv2%2Ftags&post=1940"}],"curies":[{"name":"wp","href":"https:\/\/api.w.org\/{rel}","templated":true}]}}