{"id":2677,"date":"2016-01-29T22:56:15","date_gmt":"2016-01-29T21:56:15","guid":{"rendered":"http:\/\/www.aunomdanna.fr\/blog\/?p=2677"},"modified":"2016-01-29T22:56:15","modified_gmt":"2016-01-29T21:56:15","slug":"1000-euros-pour-lime","status":"publish","type":"post","link":"https:\/\/www.aunomdanna.fr\/blog\/?p=2677","title":{"rendered":"1000 euros pour l&rsquo;IME"},"content":{"rendered":"<p>Dimanche 24 janvier le groupe vocal \u00e0 capella \u00ab\u00a0Les P&rsquo;tits C\u0153urs\u00a0\u00bb d&rsquo;Eybens est venu chanter \u00e0 Dom\u00e8ne.\u00a0Leur spectacle a \u00e9t\u00e9 d\u00e9di\u00e9 aux enfants polyhandicap\u00e9s de l&rsquo;IME Ninon Vallin.<\/p>\n<p>Les 11 chanteurs du groupe ont pr\u00e9sent\u00e9 en deux heures un r\u00e9pertoire tr\u00e8s vari\u00e9\u00a0de chansons fran\u00e7aises, dont la premi\u00e8re partie a \u00e9t\u00e9 consacr\u00e9e plus particuli\u00e8rement \u00e0 la famille. Le public a beaucoup appr\u00e9ci\u00e9 l&rsquo;interpr\u00e9tation originale des chansons, la mise en sc\u00e8ne dynamique\u00a0\u00a0ainsi que la grande qualit\u00e9 vocale du groupe.<\/p>\n<p>Le concert a \u00e9t\u00e9 organis\u00e9 par l&rsquo;Association \u00ab\u00a0Au nom d&rsquo;Anna\u00a0\u00bb qui va verser\u00a01000\u20ac \u00a0\u00e0 l&rsquo;IME \u00a0pour soutenir leur projet \u00ab\u00a0Fauteuil \u00e0 la mer\u00a0\u00bb.<\/p>\n<p>Un grand merci aux &lsquo;P&rsquo;tits C\u0153urs\u00a0\u00bb pour leur Grand C\u0153ur et aux b\u00e9n\u00e9voles d&rsquo;Au nom d&rsquo;Anna pour l&rsquo;organisation du concert.<\/p>\n<p style=\"text-align: center;\"><a href=\"https:\/\/www.aunomdanna.fr\/blog\/wp-content\/uploads\/2016\/01\/IMG_4851.jpg\" rel=\"lightbox[2677]\"><img loading=\"lazy\" decoding=\"async\" class=\"alignnone size-full wp-image-2678\" alt=\"IMG_4851\" src=\"https:\/\/www.aunomdanna.fr\/blog\/wp-content\/uploads\/2016\/01\/IMG_4851.jpg\" width=\"680\" height=\"510\" srcset=\"https:\/\/www.aunomdanna.fr\/blog\/wp-content\/uploads\/2016\/01\/IMG_4851.jpg 680w, https:\/\/www.aunomdanna.fr\/blog\/wp-content\/uploads\/2016\/01\/IMG_4851-300x225.jpg 300w\" sizes=\"auto, (max-width: 680px) 100vw, 680px\" \/><\/a><\/p>\n<p style=\"text-align: center;\"><a href=\"https:\/\/www.aunomdanna.fr\/blog\/wp-content\/uploads\/2016\/01\/IMG_4870.jpg\" rel=\"lightbox[2677]\"><img loading=\"lazy\" decoding=\"async\" class=\"alignnone size-full wp-image-2679\" alt=\"IMG_4870\" src=\"https:\/\/www.aunomdanna.fr\/blog\/wp-content\/uploads\/2016\/01\/IMG_4870.jpg\" width=\"680\" height=\"510\" srcset=\"https:\/\/www.aunomdanna.fr\/blog\/wp-content\/uploads\/2016\/01\/IMG_4870.jpg 680w, https:\/\/www.aunomdanna.fr\/blog\/wp-content\/uploads\/2016\/01\/IMG_4870-300x225.jpg 300w\" sizes=\"auto, (max-width: 680px) 100vw, 680px\" \/><\/a><\/p>\n<p>&nbsp;<\/p>\n","protected":false},"excerpt":{"rendered":"<p>Dimanche 24 janvier le groupe vocal \u00e0 capella \u00ab\u00a0Les P&rsquo;tits C\u0153urs\u00a0\u00bb d&rsquo;Eybens est venu chanter \u00e0 Dom\u00e8ne.\u00a0Leur spectacle a \u00e9t\u00e9 d\u00e9di\u00e9 aux enfants polyhandicap\u00e9s de l&rsquo;IME Ninon Vallin. Les 11 chanteurs du groupe ont pr\u00e9sent\u00e9 en deux heures un r\u00e9pertoire tr\u00e8s vari\u00e9\u00a0de chansons fran\u00e7aises, dont la premi\u00e8re partie a \u00e9t\u00e9 consacr\u00e9e plus particuli\u00e8rement \u00e0 la&#8230; <\/p>\n<div class=\"link-more\"><a href=\"https:\/\/www.aunomdanna.fr\/blog\/?p=2677\">En savoir plus<\/a><\/div>\n","protected":false},"author":1,"featured_media":0,"comment_status":"open","ping_status":"open","sticky":false,"template":"","format":"standard","meta":{"_jetpack_memberships_contains_paid_content":false,"footnotes":""},"categories":[4],"tags":[],"class_list":["post-2677","post","type-post","status-publish","format-standard","hentry","category-la-vie-de-lassociation"],"jetpack_featured_media_url":"","jetpack_sharing_enabled":true,"_links":{"self":[{"href":"https:\/\/www.aunomdanna.fr\/blog\/index.php?rest_route=\/wp\/v2\/posts\/2677","targetHints":{"allow":["GET"]}}],"collection":[{"href":"https:\/\/www.aunomdanna.fr\/blog\/index.php?rest_route=\/wp\/v2\/posts"}],"about":[{"href":"https:\/\/www.aunomdanna.fr\/blog\/index.php?rest_route=\/wp\/v2\/types\/post"}],"author":[{"embeddable":true,"href":"https:\/\/www.aunomdanna.fr\/blog\/index.php?rest_route=\/wp\/v2\/users\/1"}],"replies":[{"embeddable":true,"href":"https:\/\/www.aunomdanna.fr\/blog\/index.php?rest_route=%2Fwp%2Fv2%2Fcomments&post=2677"}],"version-history":[{"count":2,"href":"https:\/\/www.aunomdanna.fr\/blog\/index.php?rest_route=\/wp\/v2\/posts\/2677\/revisions"}],"predecessor-version":[{"id":2681,"href":"https:\/\/www.aunomdanna.fr\/blog\/index.php?rest_route=\/wp\/v2\/posts\/2677\/revisions\/2681"}],"wp:attachment":[{"href":"https:\/\/www.aunomdanna.fr\/blog\/index.php?rest_route=%2Fwp%2Fv2%2Fmedia&parent=2677"}],"wp:term":[{"taxonomy":"category","embeddable":true,"href":"https:\/\/www.aunomdanna.fr\/blog\/index.php?rest_route=%2Fwp%2Fv2%2Fcategories&post=2677"},{"taxonomy":"post_tag","embeddable":true,"href":"https:\/\/www.aunomdanna.fr\/blog\/index.php?rest_route=%2Fwp%2Fv2%2Ftags&post=2677"}],"curies":[{"name":"wp","href":"https:\/\/api.w.org\/{rel}","templated":true}]}}