{"id":312,"date":"2008-05-25T18:06:46","date_gmt":"2008-05-25T16:06:46","guid":{"rendered":"http:\/\/aunomdanna.free.fr\/wordpress\/?p=312"},"modified":"2008-05-25T18:06:46","modified_gmt":"2008-05-25T16:06:46","slug":"a-leau-pour-anna-laffiche","status":"publish","type":"post","link":"https:\/\/www.aunomdanna.fr\/blog\/?p=312","title":{"rendered":"A l&rsquo;eau pour Anna&#8230; (l&rsquo;affiche)"},"content":{"rendered":"<p>Le 22 juin approche \u00e0 grands pas, voici l&rsquo;affiche que vous trouverez un peu partout dans Dom\u00e8ne.<\/p>\n<p>A noter qu&rsquo; <strong>il manque des b\u00e9n\u00e9voles<\/strong> pour la r\u00e9ussite de cette journ\u00e9e, alors si vous vous sentez l&rsquo;\u00e2me d&rsquo;un animateur de jeux, d&rsquo;un agent de s\u00e9curit\u00e9, ou d&rsquo;un barman, faites-le part \u00e0 Margo ou Pascal&#8230;<\/p>\n<p>L&rsquo;Association tient \u00e0 remercier Sonia pour la cr\u00e9ation de l&rsquo;affiche, ainsi que Corinne et Laurent pour les impressions.<\/p>\n<p><a href=\"http:\/\/aunomdanna.free.fr\/wordpress\/wp-content\/affiche-piscine3-hd.jpg\" rel=\"lightbox\" title=\"Affiche_piscine3_HD.jpg\"><img loading=\"lazy\" decoding=\"async\" src=\"http:\/\/aunomdanna.free.fr\/wordpress\/wp-content\/affiche-piscine3-hd-tn.jpg\" style=\"DISPLAY: inline; WIDTH: 500px; HEIGHT: 724px\" title=\"Affiche_piscine3_HD.jpg\" height=\"724\" width=\"500\" alt=\"Affiche_piscine3_HD.jpg\" border=\"0\" id=\"urn:zoundry:jid:Affiche_piscine3_HD.jpg\"\/><\/a><\/p>\n","protected":false},"excerpt":{"rendered":"<p>Le 22 juin approche \u00e0 grands pas, voici l&rsquo;affiche que vous trouverez un peu partout dans Dom\u00e8ne. A noter qu&rsquo; il manque des b\u00e9n\u00e9voles pour la r\u00e9ussite de cette journ\u00e9e, alors si vous vous sentez l&rsquo;\u00e2me d&rsquo;un animateur de jeux, d&rsquo;un agent de s\u00e9curit\u00e9, ou d&rsquo;un barman, faites-le part \u00e0 Margo ou Pascal&#8230; L&rsquo;Association tient&#8230; <\/p>\n<div class=\"link-more\"><a href=\"https:\/\/www.aunomdanna.fr\/blog\/?p=312\">En savoir plus<\/a><\/div>\n","protected":false},"author":1,"featured_media":0,"comment_status":"open","ping_status":"open","sticky":false,"template":"","format":"standard","meta":{"_jetpack_memberships_contains_paid_content":false,"footnotes":""},"categories":[4],"tags":[],"class_list":["post-312","post","type-post","status-publish","format-standard","hentry","category-la-vie-de-lassociation"],"jetpack_featured_media_url":"","jetpack_sharing_enabled":true,"_links":{"self":[{"href":"https:\/\/www.aunomdanna.fr\/blog\/index.php?rest_route=\/wp\/v2\/posts\/312","targetHints":{"allow":["GET"]}}],"collection":[{"href":"https:\/\/www.aunomdanna.fr\/blog\/index.php?rest_route=\/wp\/v2\/posts"}],"about":[{"href":"https:\/\/www.aunomdanna.fr\/blog\/index.php?rest_route=\/wp\/v2\/types\/post"}],"author":[{"embeddable":true,"href":"https:\/\/www.aunomdanna.fr\/blog\/index.php?rest_route=\/wp\/v2\/users\/1"}],"replies":[{"embeddable":true,"href":"https:\/\/www.aunomdanna.fr\/blog\/index.php?rest_route=%2Fwp%2Fv2%2Fcomments&post=312"}],"version-history":[{"count":0,"href":"https:\/\/www.aunomdanna.fr\/blog\/index.php?rest_route=\/wp\/v2\/posts\/312\/revisions"}],"wp:attachment":[{"href":"https:\/\/www.aunomdanna.fr\/blog\/index.php?rest_route=%2Fwp%2Fv2%2Fmedia&parent=312"}],"wp:term":[{"taxonomy":"category","embeddable":true,"href":"https:\/\/www.aunomdanna.fr\/blog\/index.php?rest_route=%2Fwp%2Fv2%2Fcategories&post=312"},{"taxonomy":"post_tag","embeddable":true,"href":"https:\/\/www.aunomdanna.fr\/blog\/index.php?rest_route=%2Fwp%2Fv2%2Ftags&post=312"}],"curies":[{"name":"wp","href":"https:\/\/api.w.org\/{rel}","templated":true}]}}