{"id":328,"date":"2008-06-09T22:30:34","date_gmt":"2008-06-09T20:30:34","guid":{"rendered":"http:\/\/aunomdanna.free.fr\/wordpress\/?p=328"},"modified":"2008-06-09T22:30:34","modified_gmt":"2008-06-09T20:30:34","slug":"communique-de-presse","status":"publish","type":"post","link":"https:\/\/www.aunomdanna.fr\/blog\/?p=328","title":{"rendered":"Communiqu\u00e9 de presse"},"content":{"rendered":"<p><span style=\"FONT-SIZE: 10pt; FONT-FAMILY: Arial; mso-bidi-font-weight: bold; mso-bidi-font-style: italic\"><span style=\"FONT-FAMILY: Arial,Helvetica,sans-serif\"><span style=\"FONT-SIZE: 10pt; FONT-FAMILY: Arial; mso-bidi-font-weight: bold; mso-bidi-font-style: italic\">\u00ab\u00a0L&rsquo;Association \u00ab <em><strong>Au Nom d&rsquo;Anna<\/strong> \u00bb<\/em><\/span> <span style=\"FONT-SIZE: 10pt; FONT-FAMILY: Arial\">cr\u00e9\u00e9e pour accompagner Anna, 10 ans, atteinte d&rsquo;une maladie g\u00e9n\u00e9tique &#8211; le syndrome de Rett &#8211; vient de f\u00eater son premier anniversaire.<o:p\/><\/span><\/span><\/span><\/p>\n<p><span style=\"FONT-SIZE: 10pt; FONT-FAMILY: Arial\"><o:p><span style=\"FONT-SIZE: 10pt; FONT-FAMILY: Arial\">En d\u00e9cembre dernier, l&rsquo;association a organis\u00e9 le T\u00e9l\u00e9thon \u00e0 Dom\u00e8ne avec le soutien de l&rsquo;AFM : un vrai d\u00e9fi couronn\u00e9 de succ\u00e8s.<o:p\/><\/span><\/o:p><\/span><\/p>\n<p><span style=\"FONT-SIZE: 10pt; FONT-FAMILY: Arial\"><o:p><span style=\"FONT-SIZE: 10pt; FONT-FAMILY: Arial\">Le 22 juin l&rsquo;Association organise une nouvelle manifestation \u00e0 la piscine de Dom\u00e8ne avec le soutien de <st1:personname w:st=\"on\" productid=\"la municipalit\u00e9. Il\">la municipalit\u00e9. Il<\/st1:personname> s&rsquo;agit cette fois d&rsquo;une journ\u00e9e bas\u00e9e sur le th\u00e8me de l&rsquo;eau, milieu dans lequel Anna adore \u00e9voluer.<o:p\/><\/span><\/o:p><\/span><\/p>\n<p><em><span style=\"FONT-SIZE: 10pt; FONT-FAMILY: Arial; mso-bidi-font-weight: bold\">A <strong>l&rsquo;Eau pour Anna<\/strong><\/span><\/em><span style=\"FONT-SIZE: 10pt; FONT-FAMILY: Arial\">, c&rsquo;est la rencontre de toutes les g\u00e9n\u00e9rations avec de nombreuses animations, des jeux d&rsquo;eau, des d\u00e9monstrations de natation synchronis\u00e9e et des nageurs du GMUC, des initiations \u00e0 la plong\u00e9e et au kayak\u2026 Alors RDV le 22 juin 2008 de 10h \u00e0 17h, \u00e0 la piscine municipale de Dom\u00e8ne (complexe Pierre de Coubertin).<\/span><\/p>\n<p><span style=\"FONT-SIZE: 10pt; FONT-FAMILY: Arial\"><o:p\/><\/span><\/p>\n<p><span style=\"FONT-SIZE: 10pt; FONT-FAMILY: Arial; mso-fareast-font-family: 'Times New Roman'; mso-ansi-language: FR; mso-fareast-language: FR; mso-bidi-language: AR-SA\">L&rsquo;Association <strong>Handy&rsquo;Namic<\/strong>, qui propose des activit\u00e9s physiques sportives et culturelles aux adultes et aux enfants souffrant d&rsquo;un handicap, sera \u00e9galement pr\u00e9sente.\u00a0\u00bb<\/span><\/p>\n<p><a href=\"http:\/\/aunomdanna.free.fr\/wordpress\/wp-content\/2008-04270288.jpg\" rel=\"lightbox\" title=\"2008_04270288.JPG\"><img loading=\"lazy\" decoding=\"async\" src=\"http:\/\/aunomdanna.free.fr\/wordpress\/wp-content\/2008-04270288-tn.jpg\" style=\"DISPLAY: inline; MARGIN-LEFT: 50px; WIDTH: 400px; HEIGHT: 310px\" title=\"2008_04270288.JPG\" height=\"310\" width=\"400\" alt=\"2008_04270288.JPG\" border=\"0\" id=\"urn:zoundry:jid:2008_04270288.JPG\"\/><\/a><\/p>\n","protected":false},"excerpt":{"rendered":"<p>\u00ab\u00a0L&rsquo;Association \u00ab Au Nom d&rsquo;Anna \u00bb cr\u00e9\u00e9e pour accompagner Anna, 10 ans, atteinte d&rsquo;une maladie g\u00e9n\u00e9tique &#8211; le syndrome de Rett &#8211; vient de f\u00eater son premier anniversaire. En d\u00e9cembre dernier, l&rsquo;association a organis\u00e9 le T\u00e9l\u00e9thon \u00e0 Dom\u00e8ne avec le soutien de l&rsquo;AFM : un vrai d\u00e9fi couronn\u00e9 de succ\u00e8s. Le 22 juin l&rsquo;Association organise&#8230; <\/p>\n<div class=\"link-more\"><a href=\"https:\/\/www.aunomdanna.fr\/blog\/?p=328\">En savoir plus<\/a><\/div>\n","protected":false},"author":1,"featured_media":0,"comment_status":"open","ping_status":"open","sticky":false,"template":"","format":"standard","meta":{"_jetpack_memberships_contains_paid_content":false,"footnotes":""},"categories":[4],"tags":[],"class_list":["post-328","post","type-post","status-publish","format-standard","hentry","category-la-vie-de-lassociation"],"jetpack_featured_media_url":"","jetpack_sharing_enabled":true,"_links":{"self":[{"href":"https:\/\/www.aunomdanna.fr\/blog\/index.php?rest_route=\/wp\/v2\/posts\/328","targetHints":{"allow":["GET"]}}],"collection":[{"href":"https:\/\/www.aunomdanna.fr\/blog\/index.php?rest_route=\/wp\/v2\/posts"}],"about":[{"href":"https:\/\/www.aunomdanna.fr\/blog\/index.php?rest_route=\/wp\/v2\/types\/post"}],"author":[{"embeddable":true,"href":"https:\/\/www.aunomdanna.fr\/blog\/index.php?rest_route=\/wp\/v2\/users\/1"}],"replies":[{"embeddable":true,"href":"https:\/\/www.aunomdanna.fr\/blog\/index.php?rest_route=%2Fwp%2Fv2%2Fcomments&post=328"}],"version-history":[{"count":0,"href":"https:\/\/www.aunomdanna.fr\/blog\/index.php?rest_route=\/wp\/v2\/posts\/328\/revisions"}],"wp:attachment":[{"href":"https:\/\/www.aunomdanna.fr\/blog\/index.php?rest_route=%2Fwp%2Fv2%2Fmedia&parent=328"}],"wp:term":[{"taxonomy":"category","embeddable":true,"href":"https:\/\/www.aunomdanna.fr\/blog\/index.php?rest_route=%2Fwp%2Fv2%2Fcategories&post=328"},{"taxonomy":"post_tag","embeddable":true,"href":"https:\/\/www.aunomdanna.fr\/blog\/index.php?rest_route=%2Fwp%2Fv2%2Ftags&post=328"}],"curies":[{"name":"wp","href":"https:\/\/api.w.org\/{rel}","templated":true}]}}