{"id":332,"date":"2008-06-14T13:34:58","date_gmt":"2008-06-14T11:34:58","guid":{"rendered":"http:\/\/aunomdanna.free.fr\/wordpress\/?p=332"},"modified":"2008-06-14T13:34:58","modified_gmt":"2008-06-14T11:34:58","slug":"un-grand-merci","status":"publish","type":"post","link":"https:\/\/www.aunomdanna.fr\/blog\/?p=332","title":{"rendered":"Un grand merci&#8230;"},"content":{"rendered":"<p>En arrivant sur Dom\u00e8ne, vous pourrez admirer cette superbe banderole annon\u00e7ant la manifestation \u00ab\u00a0A l&rsquo;eau pour Anna\u00a0\u00bb.<\/p>\n<p>Jean-Pierre Combe de la soci\u00e9t\u00e9 RCE \u00e0 Seyssinet, ainsi que TMS \u00e0 Varces et Fontaine Insertion, ont fabriqu\u00e9 gracieusement la banderole, des autocollants et de magnifiques troph\u00e9es. L&rsquo;association Au nom d&rsquo;Anna a \u00e9t\u00e9 tr\u00e8s touch\u00e9e et les en remercie chaleureusement.<\/p>\n<p><a href=\"http:\/\/aunomdanna.free.fr\/wordpress\/wp-content\/530.jpg\" rel=\"lightbox\" title=\"530.jpg\"><img loading=\"lazy\" decoding=\"async\" src=\"http:\/\/aunomdanna.free.fr\/wordpress\/wp-content\/530-tn.jpg\" style=\"DISPLAY: inline; MARGIN-LEFT: 50px; WIDTH: 400px; HEIGHT: 244px\" title=\"530.jpg\" height=\"244\" width=\"400\" alt=\"530.jpg\" border=\"0\" id=\"urn:zoundry:jid:530.jpg\"\/><\/a><\/p>\n<p><a href=\"http:\/\/aunomdanna.free.fr\/wordpress\/wp-content\/529.jpg\" rel=\"lightbox\" title=\"529.jpg\"><img loading=\"lazy\" decoding=\"async\" src=\"http:\/\/aunomdanna.free.fr\/wordpress\/wp-content\/529-tn.jpg\" style=\"DISPLAY: inline; MARGIN-LEFT: 50px; WIDTH: 400px; HEIGHT: 84px\" title=\"529.jpg\" height=\"84\" width=\"400\" alt=\"529.jpg\" border=\"0\" id=\"urn:zoundry:jid:529.jpg\"\/><\/a><\/p>\n<p>Photos des autocollants et des troph\u00e9es \u00e0 venir&#8230;<\/p>\n","protected":false},"excerpt":{"rendered":"<p>En arrivant sur Dom\u00e8ne, vous pourrez admirer cette superbe banderole annon\u00e7ant la manifestation \u00ab\u00a0A l&rsquo;eau pour Anna\u00a0\u00bb. Jean-Pierre Combe de la soci\u00e9t\u00e9 RCE \u00e0 Seyssinet, ainsi que TMS \u00e0 Varces et Fontaine Insertion, ont fabriqu\u00e9 gracieusement la banderole, des autocollants et de magnifiques troph\u00e9es. L&rsquo;association Au nom d&rsquo;Anna a \u00e9t\u00e9 tr\u00e8s touch\u00e9e et les en&#8230; <\/p>\n<div class=\"link-more\"><a href=\"https:\/\/www.aunomdanna.fr\/blog\/?p=332\">En savoir plus<\/a><\/div>\n","protected":false},"author":1,"featured_media":0,"comment_status":"open","ping_status":"open","sticky":false,"template":"","format":"standard","meta":{"_jetpack_memberships_contains_paid_content":false,"footnotes":""},"categories":[4],"tags":[],"class_list":["post-332","post","type-post","status-publish","format-standard","hentry","category-la-vie-de-lassociation"],"jetpack_featured_media_url":"","jetpack_sharing_enabled":true,"_links":{"self":[{"href":"https:\/\/www.aunomdanna.fr\/blog\/index.php?rest_route=\/wp\/v2\/posts\/332","targetHints":{"allow":["GET"]}}],"collection":[{"href":"https:\/\/www.aunomdanna.fr\/blog\/index.php?rest_route=\/wp\/v2\/posts"}],"about":[{"href":"https:\/\/www.aunomdanna.fr\/blog\/index.php?rest_route=\/wp\/v2\/types\/post"}],"author":[{"embeddable":true,"href":"https:\/\/www.aunomdanna.fr\/blog\/index.php?rest_route=\/wp\/v2\/users\/1"}],"replies":[{"embeddable":true,"href":"https:\/\/www.aunomdanna.fr\/blog\/index.php?rest_route=%2Fwp%2Fv2%2Fcomments&post=332"}],"version-history":[{"count":0,"href":"https:\/\/www.aunomdanna.fr\/blog\/index.php?rest_route=\/wp\/v2\/posts\/332\/revisions"}],"wp:attachment":[{"href":"https:\/\/www.aunomdanna.fr\/blog\/index.php?rest_route=%2Fwp%2Fv2%2Fmedia&parent=332"}],"wp:term":[{"taxonomy":"category","embeddable":true,"href":"https:\/\/www.aunomdanna.fr\/blog\/index.php?rest_route=%2Fwp%2Fv2%2Fcategories&post=332"},{"taxonomy":"post_tag","embeddable":true,"href":"https:\/\/www.aunomdanna.fr\/blog\/index.php?rest_route=%2Fwp%2Fv2%2Ftags&post=332"}],"curies":[{"name":"wp","href":"https:\/\/api.w.org\/{rel}","templated":true}]}}