{"id":338,"date":"2008-06-24T11:20:02","date_gmt":"2008-06-24T09:20:02","guid":{"rendered":"http:\/\/aunomdanna.free.fr\/wordpress\/?p=338"},"modified":"2008-06-24T11:20:02","modified_gmt":"2008-06-24T09:20:02","slug":"a-leau-pour-anna-une-reussite","status":"publish","type":"post","link":"https:\/\/www.aunomdanna.fr\/blog\/?p=338","title":{"rendered":"A l&rsquo;eau pour Anna, une r\u00e9ussite !"},"content":{"rendered":"<p>C&rsquo;\u00e9tait le premier dimanche de l&rsquo;\u00e9t\u00e9 et le soleil qui \u00e9tait invit\u00e9 ne s&rsquo;est pas fait prier ! Plus de 600 baigneurs sont venus partager les plaisirs de l&rsquo;eau avec Anna, dans une ambiance tr\u00e8s conviviale.<\/p>\n<p>Jardin aquatique pour les b\u00e9b\u00e9s nageurs, aquagym pour les mamans, bapt\u00e8mes de plong\u00e9es, esquimautages en kayak, jeux dans la pelouse, courses relais pour petits et grands ont connu un franc succ\u00e8s.<br \/>\nLes d\u00e9monstrations des jeunes nageurs du GMUC et de natation synchronis\u00e9e d&rsquo;Echirolles ont aussi assur\u00e9 le spectacle.<\/p>\n<p>Anna fut tr\u00e8s heureuse de partager cette journ\u00e9e dans l&rsquo;eau, au milieu des sourires et des cris de joie. Elle a ouvert et clotur\u00e9 le fil rouge de la manifestation : un relais ininterrompu de nageurs o\u00f9 plus de 14 kilom\u00e8tres ont \u00e9t\u00e9 parcourus.<\/p>\n<p>La journ\u00e9e s&rsquo;est achev\u00e9e par un dernier ballet aquatique auquel Anna a particip\u00e9.<\/p>\n<p><a rel=\"lightbox\" href=\"http:\/\/aunomdanna.free.fr\/wordpress\/A_l'eau_pour_Anna_065.jpg\" title=\"A l'eau pour Anna 065.jpg\"><img loading=\"lazy\" decoding=\"async\" border=\"0\" width=\"400\" src=\"http:\/\/aunomdanna.free.fr\/wordpress\/wp-content\/a-leau-pour-anna-065-tn1.jpg\" alt=\"A l'eau pour Anna 065.jpg\" height=\"300\" style=\"display: inline; margin-left: 50px; width: 400px; height: 300px\" title=\"A l'eau pour Anna 065.jpg\" id=\"urn:zoundry:jid:A_l'eau_pour_Anna_065.jpg\" \/><\/a><\/p>\n<p>Les parents d&rsquo;Anna tiennent \u00e0 remercier, pour leur enthousiasme et leur g\u00e9n\u00e9rosit\u00e9, tous ceux qui ont permis d&rsquo;organiser cette formidable journ\u00e9e: La mairie de Dom\u00e8ne qui a mis la piscine et l&rsquo;ensemble de son personnel au service de ce projet, le Jardin Aquatique, les nageurs du GMUC, le club de natation synchronis\u00e9e d&rsquo;Echirolles, Handynamic, Grenoble Plong\u00e9e, Meryl et ses parents pour la tombola, Cyril pour la Sono, Corinne, Laurent et Jean-Pierre pour la pub, ainsi que tous les membres de l&rsquo;association \u00ab\u00a0Au nom d&rsquo;Anna\u00a0\u00bb.<\/p>\n<p>Pour voir la galerie photo de l&rsquo;\u00e9v\u00e8nement : <a target=\"_blank\" href=\"http:\/\/aunomdanna.free.fr\/wordpress\/wp-content\/aleaupouranna\/\" style=\"font-size: 1.5em; color: #ff0000\" title=\"Galerie photo\">cliquez ici&#8230;<\/a> (agrandissez une photo puis faites \u00ab\u00a0suivante\u00a0\u00bb)<\/p>\n","protected":false},"excerpt":{"rendered":"<p>C&rsquo;\u00e9tait le premier dimanche de l&rsquo;\u00e9t\u00e9 et le soleil qui \u00e9tait invit\u00e9 ne s&rsquo;est pas fait prier ! Plus de 600 baigneurs sont venus partager les plaisirs de l&rsquo;eau avec Anna, dans une ambiance tr\u00e8s conviviale. Jardin aquatique pour les b\u00e9b\u00e9s nageurs, aquagym pour les mamans, bapt\u00e8mes de plong\u00e9es, esquimautages en kayak, jeux dans la&#8230; <\/p>\n<div class=\"link-more\"><a href=\"https:\/\/www.aunomdanna.fr\/blog\/?p=338\">En savoir plus<\/a><\/div>\n","protected":false},"author":1,"featured_media":0,"comment_status":"open","ping_status":"open","sticky":false,"template":"","format":"standard","meta":{"_jetpack_memberships_contains_paid_content":false,"footnotes":""},"categories":[4],"tags":[],"class_list":["post-338","post","type-post","status-publish","format-standard","hentry","category-la-vie-de-lassociation"],"jetpack_featured_media_url":"","jetpack_sharing_enabled":true,"_links":{"self":[{"href":"https:\/\/www.aunomdanna.fr\/blog\/index.php?rest_route=\/wp\/v2\/posts\/338","targetHints":{"allow":["GET"]}}],"collection":[{"href":"https:\/\/www.aunomdanna.fr\/blog\/index.php?rest_route=\/wp\/v2\/posts"}],"about":[{"href":"https:\/\/www.aunomdanna.fr\/blog\/index.php?rest_route=\/wp\/v2\/types\/post"}],"author":[{"embeddable":true,"href":"https:\/\/www.aunomdanna.fr\/blog\/index.php?rest_route=\/wp\/v2\/users\/1"}],"replies":[{"embeddable":true,"href":"https:\/\/www.aunomdanna.fr\/blog\/index.php?rest_route=%2Fwp%2Fv2%2Fcomments&post=338"}],"version-history":[{"count":0,"href":"https:\/\/www.aunomdanna.fr\/blog\/index.php?rest_route=\/wp\/v2\/posts\/338\/revisions"}],"wp:attachment":[{"href":"https:\/\/www.aunomdanna.fr\/blog\/index.php?rest_route=%2Fwp%2Fv2%2Fmedia&parent=338"}],"wp:term":[{"taxonomy":"category","embeddable":true,"href":"https:\/\/www.aunomdanna.fr\/blog\/index.php?rest_route=%2Fwp%2Fv2%2Fcategories&post=338"},{"taxonomy":"post_tag","embeddable":true,"href":"https:\/\/www.aunomdanna.fr\/blog\/index.php?rest_route=%2Fwp%2Fv2%2Ftags&post=338"}],"curies":[{"name":"wp","href":"https:\/\/api.w.org\/{rel}","templated":true}]}}