{"id":343,"date":"2008-07-06T18:51:28","date_gmt":"2008-07-06T16:51:28","guid":{"rendered":"http:\/\/aunomdanna.free.fr\/wordpress\/?p=343"},"modified":"2008-07-06T18:51:28","modified_gmt":"2008-07-06T16:51:28","slug":"anna-fait-la-une","status":"publish","type":"post","link":"https:\/\/www.aunomdanna.fr\/blog\/?p=343","title":{"rendered":"Anna fait la une !!"},"content":{"rendered":"<p>L&rsquo;AFSR (Association Fran\u00e7aise du Syndr\u00f4me de Rett) publie r\u00e9guli\u00e8rement la revue \u00ab\u00a0RETT info\u00a0\u00bb, et \u00e0 la derni\u00e8re parution, Anna faisait la une !!! Il y a avait m\u00eame une page compl\u00e8te d\u00e9di\u00e9e \u00e0 elle !!!<\/p>\n<p>A noter que l&rsquo;AFSR est reconnue d&rsquo;utilit\u00e9 publique par d\u00e9cret minist\u00e9riel d&rsquo;avril 2008.<\/p>\n<p><a href=\"http:\/\/aunomdanna.free.fr\/wordpress\/wp-content\/sans-titre-1.jpg\" rel=\"lightbox\" title=\"Sans titre-1.jpg\"><img loading=\"lazy\" decoding=\"async\" src=\"http:\/\/aunomdanna.free.fr\/wordpress\/wp-content\/sans-titre-1-tn2.jpg\" style=\"DISPLAY: inline; WIDTH: 500px; HEIGHT: 713px\" title=\"Sans titre-1.jpg\" height=\"713\" width=\"500\" alt=\"Sans titre-1.jpg\" border=\"0\" id=\"urn:zoundry:jid:Sans_titre-1.jpg\"\/><\/a><\/p>\n<p><a href=\"http:\/\/aunomdanna.free.fr\/wordpress\/wp-content\/sans-titre-2.jpg\" rel=\"lightbox\" title=\"Sans titre-2.jpg\"><img loading=\"lazy\" decoding=\"async\" src=\"http:\/\/aunomdanna.free.fr\/wordpress\/wp-content\/sans-titre-2-tn2.jpg\" style=\"DISPLAY: inline; WIDTH: 500px; HEIGHT: 970px\" title=\"Sans titre-2.jpg\" height=\"970\" width=\"500\" alt=\"Sans titre-2.jpg\" border=\"0\" id=\"urn:zoundry:jid:Sans_titre-2.jpg\"\/><\/a><\/p>\n<p><\/p>\n","protected":false},"excerpt":{"rendered":"<p>L&rsquo;AFSR (Association Fran\u00e7aise du Syndr\u00f4me de Rett) publie r\u00e9guli\u00e8rement la revue \u00ab\u00a0RETT info\u00a0\u00bb, et \u00e0 la derni\u00e8re parution, Anna faisait la une !!! Il y a avait m\u00eame une page compl\u00e8te d\u00e9di\u00e9e \u00e0 elle !!! A noter que l&rsquo;AFSR est reconnue d&rsquo;utilit\u00e9 publique par d\u00e9cret minist\u00e9riel d&rsquo;avril 2008.<\/p>\n","protected":false},"author":1,"featured_media":0,"comment_status":"open","ping_status":"open","sticky":false,"template":"","format":"standard","meta":{"_jetpack_memberships_contains_paid_content":false,"footnotes":""},"categories":[3],"tags":[],"class_list":["post-343","post","type-post","status-publish","format-standard","hentry","category-quotidien"],"jetpack_featured_media_url":"","jetpack_sharing_enabled":true,"_links":{"self":[{"href":"https:\/\/www.aunomdanna.fr\/blog\/index.php?rest_route=\/wp\/v2\/posts\/343","targetHints":{"allow":["GET"]}}],"collection":[{"href":"https:\/\/www.aunomdanna.fr\/blog\/index.php?rest_route=\/wp\/v2\/posts"}],"about":[{"href":"https:\/\/www.aunomdanna.fr\/blog\/index.php?rest_route=\/wp\/v2\/types\/post"}],"author":[{"embeddable":true,"href":"https:\/\/www.aunomdanna.fr\/blog\/index.php?rest_route=\/wp\/v2\/users\/1"}],"replies":[{"embeddable":true,"href":"https:\/\/www.aunomdanna.fr\/blog\/index.php?rest_route=%2Fwp%2Fv2%2Fcomments&post=343"}],"version-history":[{"count":0,"href":"https:\/\/www.aunomdanna.fr\/blog\/index.php?rest_route=\/wp\/v2\/posts\/343\/revisions"}],"wp:attachment":[{"href":"https:\/\/www.aunomdanna.fr\/blog\/index.php?rest_route=%2Fwp%2Fv2%2Fmedia&parent=343"}],"wp:term":[{"taxonomy":"category","embeddable":true,"href":"https:\/\/www.aunomdanna.fr\/blog\/index.php?rest_route=%2Fwp%2Fv2%2Fcategories&post=343"},{"taxonomy":"post_tag","embeddable":true,"href":"https:\/\/www.aunomdanna.fr\/blog\/index.php?rest_route=%2Fwp%2Fv2%2Ftags&post=343"}],"curies":[{"name":"wp","href":"https:\/\/api.w.org\/{rel}","templated":true}]}}