{"id":366,"date":"2008-09-09T23:03:00","date_gmt":"2008-09-09T21:03:00","guid":{"rendered":"http:\/\/aunomdanna.free.fr\/wordpress\/?p=366"},"modified":"2008-09-09T23:03:00","modified_gmt":"2008-09-09T21:03:00","slug":"leaudyssee-estivale-danna","status":"publish","type":"post","link":"https:\/\/www.aunomdanna.fr\/blog\/?p=366","title":{"rendered":"L&rsquo;eaudyss\u00e9e estivale d&rsquo;Anna !!"},"content":{"rendered":"<p>L&rsquo;eaudyss\u00e9e estivale d&rsquo;Anna a d\u00e9but\u00e9 le 22 juin \u00e0 la piscine de Dom\u00e8ne. Le soleil et les dom\u00e8nois y \u00e9taient au RDV pour entourer Anna&#8230;<\/p>\n<p><a href=\"http:\/\/aunomdanna.free.fr\/wordpress\/wp-content\/a-leau-pour-anna-147.jpg\" rel=\"lightbox\" title=\"A l'eau pour Anna 147.jpg\"><img loading=\"lazy\" decoding=\"async\" src=\"http:\/\/aunomdanna.free.fr\/wordpress\/wp-content\/a-leau-pour-anna-147-tn.jpg\" style=\"DISPLAY: inline; MARGIN-LEFT: 50px; WIDTH: 400px; HEIGHT: 300px\" title=\"A l'eau pour Anna 147.jpg\" height=\"300\" width=\"400\" alt=\"A l'eau pour Anna 147.jpg\" border=\"0\" id=\"urn:zoundry:jid:A_l'eau_pour_Anna_147.jpg\"\/><\/a><\/p>\n<p>Puis vinrent les visites aux grands-parents&#8230;. mais l&rsquo;eau n&rsquo;a pas quitt\u00e9 Anna&#8230;. et que ce soit dans la piscine du jardin ou dans un lac, elle est toujours d&rsquo;accord pour un petit plongeon !!!<\/p>\n<p><a href=\"http:\/\/aunomdanna.free.fr\/wordpress\/wp-content\/2008-08070366.jpg\" rel=\"lightbox\" title=\"2008_08070366.JPG\"><img loading=\"lazy\" decoding=\"async\" src=\"http:\/\/aunomdanna.free.fr\/wordpress\/wp-content\/2008-08070366-tn.jpg\" style=\"DISPLAY: inline; MARGIN-LEFT: 50px; WIDTH: 400px; HEIGHT: 358px\" title=\"2008_08070366.JPG\" height=\"358\" width=\"400\" alt=\"2008_08070366.JPG\" border=\"0\" id=\"urn:zoundry:jid:2008_08070366.JPG\"\/><\/a><\/p>\n<p><a href=\"http:\/\/aunomdanna.free.fr\/wordpress\/wp-content\/2008-09070032.jpg\" rel=\"lightbox\" title=\"2008_09070032.JPG\"><img loading=\"lazy\" decoding=\"async\" src=\"http:\/\/aunomdanna.free.fr\/wordpress\/wp-content\/2008-09070032-tn.jpg\" style=\"DISPLAY: inline; MARGIN-LEFT: 50px; WIDTH: 400px; HEIGHT: 264px\" title=\"2008_09070032.JPG\" height=\"264\" width=\"400\" alt=\"2008_09070032.JPG\" border=\"0\" id=\"urn:zoundry:jid:2008_09070032.JPG\"\/><\/a><\/p>\n<p><a href=\"http:\/\/aunomdanna.free.fr\/wordpress\/wp-content\/2008-08070212.jpg\" rel=\"lightbox\" title=\"2008_08070212.JPG\"><img loading=\"lazy\" decoding=\"async\" src=\"http:\/\/aunomdanna.free.fr\/wordpress\/wp-content\/2008-08070212-tn.jpg\" style=\"DISPLAY: inline; MARGIN-LEFT: 50px; WIDTH: 400px; HEIGHT: 300px\" title=\"2008_08070212.JPG\" height=\"300\" width=\"400\" alt=\"2008_08070212.JPG\" border=\"0\" id=\"urn:zoundry:jid:2008_08070212.JPG\"\/><\/a><\/p>\n<p>Enfin petite vir\u00e9e vers l&rsquo;eau de mer, certes sal\u00e9e, mais un bain de soleil sur le sable, ce n&rsquo;est pas de refus !!!<\/p>\n<p><a href=\"http:\/\/aunomdanna.free.fr\/wordpress\/wp-content\/2008-09070102.jpg\" rel=\"lightbox\" title=\"2008_09070102.JPG\"><img loading=\"lazy\" decoding=\"async\" src=\"http:\/\/aunomdanna.free.fr\/wordpress\/wp-content\/2008-09070102-tn.jpg\" style=\"DISPLAY: inline; MARGIN-LEFT: 50px; WIDTH: 400px; HEIGHT: 290px\" title=\"2008_09070102.JPG\" height=\"290\" width=\"400\" alt=\"2008_09070102.JPG\" border=\"0\" id=\"urn:zoundry:jid:2008_09070102.JPG\"\/><\/a><\/p>\n<p>Anna et sa famille souhaitent une bonne rentr\u00e9e \u00e0 tous, et vous redonnent RDV r\u00e9guli\u00e8rement sur le blog&#8230;<\/p>\n<p>Comme toujours, n&rsquo;h\u00e9sitez pas \u00e0 marquer votre passage par un commentaire !!!!<\/p>\n<p><a href=\"http:\/\/aunomdanna.free.fr\/wordpress\/wp-content\/2008-09070222.jpg\" rel=\"lightbox\" title=\"2008_09070222.JPG\"><img loading=\"lazy\" decoding=\"async\" src=\"http:\/\/aunomdanna.free.fr\/wordpress\/wp-content\/2008-09070222-tn.jpg\" style=\"DISPLAY: inline; MARGIN-LEFT: 50px; WIDTH: 400px; HEIGHT: 300px\" title=\"2008_09070222.JPG\" height=\"300\" width=\"400\" alt=\"2008_09070222.JPG\" border=\"0\" id=\"urn:zoundry:jid:2008_09070222.JPG\"\/><\/a><\/p>\n","protected":false},"excerpt":{"rendered":"<p>L&rsquo;eaudyss\u00e9e estivale d&rsquo;Anna a d\u00e9but\u00e9 le 22 juin \u00e0 la piscine de Dom\u00e8ne. Le soleil et les dom\u00e8nois y \u00e9taient au RDV pour entourer Anna&#8230; Puis vinrent les visites aux grands-parents&#8230;. mais l&rsquo;eau n&rsquo;a pas quitt\u00e9 Anna&#8230;. et que ce soit dans la piscine du jardin ou dans un lac, elle est toujours d&rsquo;accord pour&#8230; <\/p>\n<div class=\"link-more\"><a href=\"https:\/\/www.aunomdanna.fr\/blog\/?p=366\">En savoir plus<\/a><\/div>\n","protected":false},"author":1,"featured_media":0,"comment_status":"open","ping_status":"open","sticky":false,"template":"","format":"standard","meta":{"_jetpack_memberships_contains_paid_content":false,"footnotes":""},"categories":[3],"tags":[],"class_list":["post-366","post","type-post","status-publish","format-standard","hentry","category-quotidien"],"jetpack_featured_media_url":"","jetpack_sharing_enabled":true,"_links":{"self":[{"href":"https:\/\/www.aunomdanna.fr\/blog\/index.php?rest_route=\/wp\/v2\/posts\/366","targetHints":{"allow":["GET"]}}],"collection":[{"href":"https:\/\/www.aunomdanna.fr\/blog\/index.php?rest_route=\/wp\/v2\/posts"}],"about":[{"href":"https:\/\/www.aunomdanna.fr\/blog\/index.php?rest_route=\/wp\/v2\/types\/post"}],"author":[{"embeddable":true,"href":"https:\/\/www.aunomdanna.fr\/blog\/index.php?rest_route=\/wp\/v2\/users\/1"}],"replies":[{"embeddable":true,"href":"https:\/\/www.aunomdanna.fr\/blog\/index.php?rest_route=%2Fwp%2Fv2%2Fcomments&post=366"}],"version-history":[{"count":0,"href":"https:\/\/www.aunomdanna.fr\/blog\/index.php?rest_route=\/wp\/v2\/posts\/366\/revisions"}],"wp:attachment":[{"href":"https:\/\/www.aunomdanna.fr\/blog\/index.php?rest_route=%2Fwp%2Fv2%2Fmedia&parent=366"}],"wp:term":[{"taxonomy":"category","embeddable":true,"href":"https:\/\/www.aunomdanna.fr\/blog\/index.php?rest_route=%2Fwp%2Fv2%2Fcategories&post=366"},{"taxonomy":"post_tag","embeddable":true,"href":"https:\/\/www.aunomdanna.fr\/blog\/index.php?rest_route=%2Fwp%2Fv2%2Ftags&post=366"}],"curies":[{"name":"wp","href":"https:\/\/api.w.org\/{rel}","templated":true}]}}