{"id":373,"date":"2008-09-13T11:32:06","date_gmt":"2008-09-13T09:32:06","guid":{"rendered":"http:\/\/aunomdanna.free.fr\/wordpress\/?p=373"},"modified":"2008-09-13T11:32:06","modified_gmt":"2008-09-13T09:32:06","slug":"le-forum-des-associations","status":"publish","type":"post","link":"https:\/\/www.aunomdanna.fr\/blog\/?p=373","title":{"rendered":"Le forum des associations"},"content":{"rendered":"<p><a href=\"http:\/\/aunomdanna.free.fr\/wordpress\/wp-content\/logo-fleur-anna.jpg\" rel=\"lightbox\" title=\"Logo_fleur_Anna.JPG\"><img loading=\"lazy\" decoding=\"async\" src=\"http:\/\/aunomdanna.free.fr\/wordpress\/wp-content\/logo-fleur-anna-tn1.jpg\" style=\"DISPLAY: block; WIDTH: 100px; HEIGHT: 101px; TEXT-ALIGN: center\" title=\"Logo_fleur_Anna.JPG\" height=\"101\" width=\"100\" alt=\"Logo_fleur_Anna.JPG\" border=\"0\" id=\"urn:zoundry:jid:Logo_fleur_Anna.JPG\"\/><\/a>Le samedi 6 septembre a eu lieu le \u00ab\u00a0Forum des Associations\u00a0\u00bb de Dom\u00e8ne. \u00ab\u00a0Au Nom d&rsquo;Anna\u00a0\u00bb \u00e9tait pr\u00e9sente, et ce fut l&rsquo;occasion de nombreuses rencontres et d&rsquo;id\u00e9es&#8230;.<\/p>\n<p>Si vous n&rsquo;\u00eates pas encore inscrit \u00e0 Au Nom d&rsquo;Anna, il n&rsquo;est pas trop tard !!!<\/p>\n<p><a href=\"http:\/\/aunomdanna.free.fr\/wordpress\/wp-content\/p9060043.jpg\" rel=\"lightbox\" title=\"P9060043.JPG\"><img loading=\"lazy\" decoding=\"async\" src=\"http:\/\/aunomdanna.free.fr\/wordpress\/wp-content\/p9060043-tn.jpg\" style=\"DISPLAY: block; MARGIN-LEFT: 50px; WIDTH: 400px; HEIGHT: 300px; TEXT-ALIGN: center\" title=\"P9060043.JPG\" height=\"300\" width=\"400\" alt=\"P9060043.JPG\" border=\"0\" id=\"urn:zoundry:jid:P9060043.JPG\"\/><\/a><\/p>\n<p><a href=\"http:\/\/aunomdanna.free.fr\/wordpress\/wp-content\/p9060045.jpg\" rel=\"lightbox\" title=\"P9060045.JPG\"><img loading=\"lazy\" decoding=\"async\" src=\"http:\/\/aunomdanna.free.fr\/wordpress\/wp-content\/p9060045-tn.jpg\" style=\"DISPLAY: block; MARGIN-LEFT: 50px; WIDTH: 300px; HEIGHT: 399px; TEXT-ALIGN: center\" title=\"P9060045.JPG\" height=\"399\" width=\"300\" alt=\"P9060045.JPG\" border=\"0\" id=\"urn:zoundry:jid:P9060045.JPG\"\/><\/a><\/p>\n","protected":false},"excerpt":{"rendered":"<p>Le samedi 6 septembre a eu lieu le \u00ab\u00a0Forum des Associations\u00a0\u00bb de Dom\u00e8ne. \u00ab\u00a0Au Nom d&rsquo;Anna\u00a0\u00bb \u00e9tait pr\u00e9sente, et ce fut l&rsquo;occasion de nombreuses rencontres et d&rsquo;id\u00e9es&#8230;. Si vous n&rsquo;\u00eates pas encore inscrit \u00e0 Au Nom d&rsquo;Anna, il n&rsquo;est pas trop tard !!!<\/p>\n","protected":false},"author":1,"featured_media":0,"comment_status":"open","ping_status":"open","sticky":false,"template":"","format":"standard","meta":{"_jetpack_memberships_contains_paid_content":false,"footnotes":""},"categories":[4],"tags":[],"class_list":["post-373","post","type-post","status-publish","format-standard","hentry","category-la-vie-de-lassociation"],"jetpack_featured_media_url":"","jetpack_sharing_enabled":true,"_links":{"self":[{"href":"https:\/\/www.aunomdanna.fr\/blog\/index.php?rest_route=\/wp\/v2\/posts\/373","targetHints":{"allow":["GET"]}}],"collection":[{"href":"https:\/\/www.aunomdanna.fr\/blog\/index.php?rest_route=\/wp\/v2\/posts"}],"about":[{"href":"https:\/\/www.aunomdanna.fr\/blog\/index.php?rest_route=\/wp\/v2\/types\/post"}],"author":[{"embeddable":true,"href":"https:\/\/www.aunomdanna.fr\/blog\/index.php?rest_route=\/wp\/v2\/users\/1"}],"replies":[{"embeddable":true,"href":"https:\/\/www.aunomdanna.fr\/blog\/index.php?rest_route=%2Fwp%2Fv2%2Fcomments&post=373"}],"version-history":[{"count":0,"href":"https:\/\/www.aunomdanna.fr\/blog\/index.php?rest_route=\/wp\/v2\/posts\/373\/revisions"}],"wp:attachment":[{"href":"https:\/\/www.aunomdanna.fr\/blog\/index.php?rest_route=%2Fwp%2Fv2%2Fmedia&parent=373"}],"wp:term":[{"taxonomy":"category","embeddable":true,"href":"https:\/\/www.aunomdanna.fr\/blog\/index.php?rest_route=%2Fwp%2Fv2%2Fcategories&post=373"},{"taxonomy":"post_tag","embeddable":true,"href":"https:\/\/www.aunomdanna.fr\/blog\/index.php?rest_route=%2Fwp%2Fv2%2Ftags&post=373"}],"curies":[{"name":"wp","href":"https:\/\/api.w.org\/{rel}","templated":true}]}}