{"id":399,"date":"2008-10-05T21:24:00","date_gmt":"2008-10-05T19:24:00","guid":{"rendered":"http:\/\/aunomdanna.free.fr\/wordpress\/?p=399"},"modified":"2008-10-05T21:24:00","modified_gmt":"2008-10-05T19:24:00","slug":"la-science-sarrett-a-domene","status":"publish","type":"post","link":"https:\/\/www.aunomdanna.fr\/blog\/?p=399","title":{"rendered":"La science s&rsquo;arRETT \u00e0 Dom\u00e8ne"},"content":{"rendered":"<p><a rel=\"lightbox\" href=\"http:\/\/aunomdanna.free.fr\/wordpress\/wp-content\/logo-fleur-anna.jpg\" title=\"Logo_fleur_Anna.JPG\"><img loading=\"lazy\" decoding=\"async\" border=\"0\" width=\"100\" src=\"http:\/\/aunomdanna.free.fr\/wordpress\/wp-content\/logo-fleur-anna-tn2.jpg\" alt=\"Logo_fleur_Anna.JPG\" height=\"102\" style=\"display: inline; margin-left: 150px; width: 100px; height: 102px\" title=\"Logo_fleur_Anna.JPG\" id=\"urn:zoundry:jid:Logo_fleur_Anna.JPG\" \/><\/a><\/p>\n<p>Le jeudi 20 Novembre \u00ab\u00a0la science s&rsquo;arRETT \u00e0 Dom\u00e8ne\u00a0\u00bb. Il s&rsquo;agit d&rsquo;une conf\u00e9rence s&rsquo;adressant au Grand Public, aux associations de malades, aux familles, aux professionnels concern\u00e9s par le polyhandicap. Le but est de tenter de r\u00e9pondre \u00e0 diff\u00e9rentes questions :<\/p>\n<p>&#8211; Comment expliquer et d\u00e9crire le syndr\u00f4me de Rett ?<\/p>\n<p>&#8211; Peut-on le soigner et quelles sont les pistes emprunt\u00e9es par les g\u00e9n\u00e9ticiens ?<\/p>\n<p>&#8211; La prise en charge au quotidien du polyhandicap par le milieu param\u00e9dical et \u00e9ducatif<\/p>\n<p><a rel=\"lightbox\" href=\"http:\/\/aunomdanna.free.fr\/wordpress\/wp-content\/invitation-totale-bd-1bis.jpg\" title=\"Invitation_totale_BD-1bis.jpg\"><img loading=\"lazy\" decoding=\"async\" border=\"0\" width=\"500\" src=\"http:\/\/aunomdanna.free.fr\/wordpress\/wp-content\/invitation-totale-bd-1bis-tn.jpg\" alt=\"Invitation_totale_BD-1bis.jpg\" height=\"500\" style=\"width: 500px; height: 500px\" title=\"Invitation_totale_BD-1bis.jpg\" id=\"urn:zoundry:jid:Invitation_totale_BD-1bis.jpg\" \/><\/a><\/p>\n<p><a rel=\"lightbox\" href=\"http:\/\/aunomdanna.free.fr\/wordpress\/wp-content\/invitation-totale-bd-2bis.jpg\" title=\"Invitation_totale_BD-2bis.jpg\"><img loading=\"lazy\" decoding=\"async\" border=\"0\" width=\"500\" src=\"http:\/\/aunomdanna.free.fr\/wordpress\/wp-content\/invitation-totale-bd-2bis-tn.jpg\" alt=\"Invitation_totale_BD-2bis.jpg\" height=\"500\" style=\"width: 500px; height: 500px\" title=\"Invitation_totale_BD-2bis.jpg\" id=\"urn:zoundry:jid:Invitation_totale_BD-2bis.jpg\" \/><\/a><\/p>\n<p><a rel=\"lightbox\" href=\"http:\/\/aunomdanna.free.fr\/wordpress\/wp-content\/invitation-totale-bd-3bis.jpg\" title=\"Invitation_totale_BD-3bis.jpg\"><img loading=\"lazy\" decoding=\"async\" border=\"0\" width=\"500\" src=\"http:\/\/aunomdanna.free.fr\/wordpress\/wp-content\/invitation-totale-bd-3bis-tn.jpg\" alt=\"Invitation_totale_BD-3bis.jpg\" height=\"500\" style=\"display: inline; width: 500px; height: 500px\" title=\"Invitation_totale_BD-3bis.jpg\" id=\"urn:zoundry:jid:Invitation_totale_BD-3bis.jpg\" \/><\/a><\/p>\n<p><a rel=\"lightbox\" href=\"http:\/\/aunomdanna.free.fr\/wordpress\/wp-content\/invitation-totale-bd-4bis.jpg\" title=\"Invitation_totale_BD-4bis.jpg\"><img loading=\"lazy\" decoding=\"async\" border=\"0\" width=\"500\" src=\"http:\/\/aunomdanna.free.fr\/wordpress\/wp-content\/invitation-totale-bd-4bis-tn.jpg\" alt=\"Invitation_totale_BD-4bis.jpg\" height=\"500\" style=\"width: 500px; height: 500px\" title=\"Invitation_totale_BD-4bis.jpg\" id=\"urn:zoundry:jid:Invitation_totale_BD-4bis.jpg\" \/><\/a><\/p>\n","protected":false},"excerpt":{"rendered":"<p>Le jeudi 20 Novembre \u00ab\u00a0la science s&rsquo;arRETT \u00e0 Dom\u00e8ne\u00a0\u00bb. Il s&rsquo;agit d&rsquo;une conf\u00e9rence s&rsquo;adressant au Grand Public, aux associations de malades, aux familles, aux professionnels concern\u00e9s par le polyhandicap. Le but est de tenter de r\u00e9pondre \u00e0 diff\u00e9rentes questions : &#8211; Comment expliquer et d\u00e9crire le syndr\u00f4me de Rett ? &#8211; Peut-on le soigner et&#8230; <\/p>\n<div class=\"link-more\"><a href=\"https:\/\/www.aunomdanna.fr\/blog\/?p=399\">En savoir plus<\/a><\/div>\n","protected":false},"author":1,"featured_media":0,"comment_status":"open","ping_status":"open","sticky":false,"template":"","format":"standard","meta":{"_jetpack_memberships_contains_paid_content":false,"footnotes":""},"categories":[4],"tags":[],"class_list":["post-399","post","type-post","status-publish","format-standard","hentry","category-la-vie-de-lassociation"],"jetpack_featured_media_url":"","jetpack_sharing_enabled":true,"_links":{"self":[{"href":"https:\/\/www.aunomdanna.fr\/blog\/index.php?rest_route=\/wp\/v2\/posts\/399","targetHints":{"allow":["GET"]}}],"collection":[{"href":"https:\/\/www.aunomdanna.fr\/blog\/index.php?rest_route=\/wp\/v2\/posts"}],"about":[{"href":"https:\/\/www.aunomdanna.fr\/blog\/index.php?rest_route=\/wp\/v2\/types\/post"}],"author":[{"embeddable":true,"href":"https:\/\/www.aunomdanna.fr\/blog\/index.php?rest_route=\/wp\/v2\/users\/1"}],"replies":[{"embeddable":true,"href":"https:\/\/www.aunomdanna.fr\/blog\/index.php?rest_route=%2Fwp%2Fv2%2Fcomments&post=399"}],"version-history":[{"count":0,"href":"https:\/\/www.aunomdanna.fr\/blog\/index.php?rest_route=\/wp\/v2\/posts\/399\/revisions"}],"wp:attachment":[{"href":"https:\/\/www.aunomdanna.fr\/blog\/index.php?rest_route=%2Fwp%2Fv2%2Fmedia&parent=399"}],"wp:term":[{"taxonomy":"category","embeddable":true,"href":"https:\/\/www.aunomdanna.fr\/blog\/index.php?rest_route=%2Fwp%2Fv2%2Fcategories&post=399"},{"taxonomy":"post_tag","embeddable":true,"href":"https:\/\/www.aunomdanna.fr\/blog\/index.php?rest_route=%2Fwp%2Fv2%2Ftags&post=399"}],"curies":[{"name":"wp","href":"https:\/\/api.w.org\/{rel}","templated":true}]}}