{"id":415,"date":"2008-10-19T23:26:44","date_gmt":"2008-10-19T21:26:44","guid":{"rendered":"http:\/\/aunomdanna.free.fr\/wordpress\/?p=415"},"modified":"2008-10-19T23:26:44","modified_gmt":"2008-10-19T21:26:44","slug":"merci-a-adrea-et-a-mr-grandjacques","status":"publish","type":"post","link":"https:\/\/www.aunomdanna.fr\/blog\/?p=415","title":{"rendered":"Merci \u00e0 ADREA et \u00e0 Mr Grandjacques"},"content":{"rendered":"<p><span style=\"FONT-FAMILY: 'Calligraph421 BT'\"><a href=\"http:\/\/aunomdanna.free.fr\/wordpress\/wp-content\/logo-fleur-anna.jpg\" rel=\"lightbox\" title=\"Logo_fleur_Anna.JPG\"><img loading=\"lazy\" decoding=\"async\" src=\"http:\/\/aunomdanna.free.fr\/wordpress\/wp-content\/logo-fleur-anna-tn3.jpg\" style=\"DISPLAY: inline; MARGIN-LEFT: 150px; WIDTH: 100px; HEIGHT: 102px\" title=\"Logo_fleur_Anna.JPG\" height=\"102\" width=\"100\" alt=\"Logo_fleur_Anna.JPG\" border=\"0\" id=\"urn:zoundry:jid:Logo_fleur_Anna.JPG\"\/><\/a><\/span><\/p>\n<p><span style=\"FONT-FAMILY: 'Calligraph421 BT'\"><span style=\"FONT-FAMILY: Times New Roman\">Message de Pascal, le papa d&rsquo;Anna pour remercier sinc\u00e8rement ADREA, Mutuelle Alpe Dauphin\u00e9, et Mr Claude Grandjacques, \u00e9crivain.<\/span><\/span><\/p>\n<p><strong style=\"mso-bidi-font-weight: normal\"><span style=\"FONT-FAMILY: 'Calligraph421 BT'\">\u00ab\u00a0<\/span><\/strong><span style=\"FONT-FAMILY: 'Calligraph421 BT'\">Le 10 avril dernier, \u00e0 l&rsquo;initiative de <st1:personname w:st=\"on\" productid=\"la mutuelle ADREA\">la mutuelle ADREA<\/st1:personname>, une soir\u00e9e rencontre fut organis\u00e9e autour de l&rsquo;\u00e9crivain Claude GRANDJACQUES qui anima avec passion une conf\u00e9rence inspir\u00e9e de son ouvrage \u00ab Des Miages aux Djebels \u00bb.<\/span><span style=\"FONT-FAMILY: 'Calligraph421 BT'\"><o:p\/><\/span><\/p>\n<p style=\"TEXT-ALIGN: center\"><span style=\"FONT-FAMILY: 'Calligraph421 BT'\">Il y relate des souvenirs encore br\u00fblants de la guerre d&rsquo;Alg\u00e9rie, d&rsquo;une aventure humaine forte et douloureuse mais o\u00f9 la solidarit\u00e9 et la fraternit\u00e9 pour les amis, comme les ennemis d&rsquo;hier, ont surv\u00e9cu aux drames d&rsquo;un conflit et ont aid\u00e9 \u00e0 en cicatriser les plaies.<\/span><span style=\"FONT-FAMILY: 'Calligraph421 BT'\"><o:p\/><\/span><\/p>\n<p style=\"TEXT-ALIGN: center\"><span style=\"FONT-FAMILY: 'Calligraph421 BT'\">En ressortent des paysages d&rsquo;une grande beaut\u00e9 et d&rsquo;une grande s\u00e9r\u00e9nit\u00e9 o\u00f9 se retrouvent, avec \u00e9motion et bien des ann\u00e9es plus tard, ceux qui sont venus des deux bords de la M\u00e9diterran\u00e9e pour dire combien ils se ressemblent et combien ils se respectent.<\/span><span style=\"FONT-FAMILY: 'Calligraph421 BT'\"><o:p\/><\/span><\/p>\n<p style=\"TEXT-ALIGN: center\"><span style=\"FONT-FAMILY: 'Calligraph421 BT'\">Et c&rsquo;est avec cette g\u00e9n\u00e9rosit\u00e9, cet \u00e9ternel int\u00e9r\u00eat pour l&rsquo;autre, que<\/span> <span style=\"FONT-FAMILY: 'Calligraph421 BT'\">Monsieur Claude GRANDJACQUES a propos\u00e9 de remettre \u00e0 l&rsquo;association<\/span> <span style=\"FONT-FAMILY: 'Calligraph421 BT'\">\u00ab Au Nom d&rsquo;Anna \u00bb, l&rsquo;int\u00e9gralit\u00e9 du produit des ventes du livre durant cette soir\u00e9e.<\/span><span style=\"FONT-FAMILY: 'Calligraph421 BT'\"><o:p\/><\/span><\/p>\n<p style=\"TEXT-ALIGN: center\"><span style=\"FONT-FAMILY: 'Calligraph421 BT'\">C&rsquo;est peu dire que ce fut un succ\u00e8s puisque Monsieur TARGA, d&rsquo;ADREA, vient de remettre \u00e0 l&rsquo;association \u00ab Au Nom d&rsquo;Anna \u00bb un don de 1615 euros !<\/span><span style=\"FONT-FAMILY: 'Calligraph421 BT'\"><o:p\/><\/span><\/p>\n<p style=\"TEXT-ALIGN: center\"><span style=\"FONT-FAMILY: 'Calligraph421 BT'\">Pour cette soir\u00e9e empreinte d&rsquo;\u00e9motion, de chaleur humaine et de convivialit\u00e9,<\/span><span style=\"FONT-FAMILY: 'Calligraph421 BT'\">nous tenons \u00e0 remercier ADREA et Monsieur Michel TARGA qui ont eu l&rsquo;initiative de son organisation, et Monsieur Claude GRANDJACQUES qui l&rsquo;a habit\u00e9 et nous a fait ce beau don.\u00a0\u00bb<o:p\/><\/span><\/p>\n<p style=\"TEXT-ALIGN: center\"><span style=\"FONT-FAMILY: 'Calligraph421 BT'\"><o:p><span style=\"FONT-FAMILY: 'Calligraph421 BT'\">Pascal Debaty.<o:p\/><\/span><\/o:p><\/span><\/p>\n<p style=\"TEXT-ALIGN: left\">\n<p>Voici l&rsquo;article paru sur le Dauphin\u00e9 :<\/p>\n<p><a href=\"http:\/\/aunomdanna.free.fr\/wordpress\/ADREA_soutient_le_handicap.jpg\" rel=\"lightbox\" title=\"ADREA soutient le handicap.jpg\"><img loading=\"lazy\" decoding=\"async\" src=\"http:\/\/aunomdanna.free.fr\/wordpress\/wp-content\/adrea-soutient-le-handicap-tn.jpg\" style=\"DISPLAY: inline; MARGIN-LEFT: 100px; WIDTH: 400px; HEIGHT: 666px\" title=\"ADREA soutient le handicap.jpg\" height=\"666\" width=\"400\" alt=\"ADREA soutient le handicap.jpg\" border=\"0\" id=\"urn:zoundry:jid:ADREA_soutient_le_handicap.jpg\"\/><\/a><\/p>\n","protected":false},"excerpt":{"rendered":"<p>Message de Pascal, le papa d&rsquo;Anna pour remercier sinc\u00e8rement ADREA, Mutuelle Alpe Dauphin\u00e9, et Mr Claude Grandjacques, \u00e9crivain. \u00ab\u00a0Le 10 avril dernier, \u00e0 l&rsquo;initiative de la mutuelle ADREA, une soir\u00e9e rencontre fut organis\u00e9e autour de l&rsquo;\u00e9crivain Claude GRANDJACQUES qui anima avec passion une conf\u00e9rence inspir\u00e9e de son ouvrage \u00ab Des Miages aux Djebels \u00bb. Il&#8230; <\/p>\n<div class=\"link-more\"><a href=\"https:\/\/www.aunomdanna.fr\/blog\/?p=415\">En savoir plus<\/a><\/div>\n","protected":false},"author":1,"featured_media":0,"comment_status":"open","ping_status":"open","sticky":false,"template":"","format":"standard","meta":{"_jetpack_memberships_contains_paid_content":false,"footnotes":""},"categories":[4],"tags":[],"class_list":["post-415","post","type-post","status-publish","format-standard","hentry","category-la-vie-de-lassociation"],"jetpack_featured_media_url":"","jetpack_sharing_enabled":true,"_links":{"self":[{"href":"https:\/\/www.aunomdanna.fr\/blog\/index.php?rest_route=\/wp\/v2\/posts\/415","targetHints":{"allow":["GET"]}}],"collection":[{"href":"https:\/\/www.aunomdanna.fr\/blog\/index.php?rest_route=\/wp\/v2\/posts"}],"about":[{"href":"https:\/\/www.aunomdanna.fr\/blog\/index.php?rest_route=\/wp\/v2\/types\/post"}],"author":[{"embeddable":true,"href":"https:\/\/www.aunomdanna.fr\/blog\/index.php?rest_route=\/wp\/v2\/users\/1"}],"replies":[{"embeddable":true,"href":"https:\/\/www.aunomdanna.fr\/blog\/index.php?rest_route=%2Fwp%2Fv2%2Fcomments&post=415"}],"version-history":[{"count":0,"href":"https:\/\/www.aunomdanna.fr\/blog\/index.php?rest_route=\/wp\/v2\/posts\/415\/revisions"}],"wp:attachment":[{"href":"https:\/\/www.aunomdanna.fr\/blog\/index.php?rest_route=%2Fwp%2Fv2%2Fmedia&parent=415"}],"wp:term":[{"taxonomy":"category","embeddable":true,"href":"https:\/\/www.aunomdanna.fr\/blog\/index.php?rest_route=%2Fwp%2Fv2%2Fcategories&post=415"},{"taxonomy":"post_tag","embeddable":true,"href":"https:\/\/www.aunomdanna.fr\/blog\/index.php?rest_route=%2Fwp%2Fv2%2Ftags&post=415"}],"curies":[{"name":"wp","href":"https:\/\/api.w.org\/{rel}","templated":true}]}}