{"id":437,"date":"2008-11-04T23:15:35","date_gmt":"2008-11-04T21:15:35","guid":{"rendered":"http:\/\/aunomdanna.free.fr\/wordpress\/?p=437"},"modified":"2008-11-04T23:15:35","modified_gmt":"2008-11-04T21:15:35","slug":"congres-mondial-du-syndrome-de-rett","status":"publish","type":"post","link":"https:\/\/www.aunomdanna.fr\/blog\/?p=437","title":{"rendered":"Congr\u00e8s mondial du Syndr\u00f4me de Rett"},"content":{"rendered":"<p>Du 10 au 13 octobre s&rsquo;est tenu \u00e0 Paris le 6\u00e8me Congr\u00e8s Mondial sur le syndr\u00f4me de Rett. De nombreux intervenants, mondialement reconnus s&rsquo;y \u00e9taient donn\u00e9 rendez-vous, tant dans le domaine de la recherche g\u00e9n\u00e9tique que dans l&rsquo;accompagnement param\u00e9dical.<\/p>\n<p><a rel=\"lightbox\" href=\"http:\/\/aunomdanna.free.fr\/wordpress\/wp-content\/pa120095.jpg\" title=\"PA120095.JPG\"><img loading=\"lazy\" decoding=\"async\" border=\"0\" width=\"400\" src=\"http:\/\/aunomdanna.free.fr\/wordpress\/wp-content\/pa120095-tn.jpg\" alt=\"PA120095.JPG\" height=\"246\" style=\"display: inline; margin-left: 50px; width: 400px; height: 246px\" title=\"PA120095.JPG\" id=\"urn:zoundry:jid:PA120095.JPG\" \/><\/a><\/p>\n<p>Si les perspectives de gu\u00e9rison sont encore bien lointaines, de nombreuses recherches visant \u00e0 soulager le malade dans les multiples sympt\u00f4mes que pr\u00e9sente la maladie, commencent \u00e0 donner des r\u00e9sultats tr\u00e8s encourageants.<\/p>\n<p><a rel=\"lightbox\" href=\"http:\/\/aunomdanna.free.fr\/wordpress\/wp-content\/pa100072.jpg\" title=\"PA100072.JPG\"><img loading=\"lazy\" decoding=\"async\" border=\"0\" width=\"300\" src=\"http:\/\/aunomdanna.free.fr\/wordpress\/wp-content\/pa100072-tn.jpg\" alt=\"PA100072.JPG\" height=\"400\" style=\"display: inline; margin-left: 100px; width: 300px; height: 400px\" title=\"PA100072.JPG\" id=\"urn:zoundry:jid:PA100072.JPG\" \/><\/a><\/p>\n<p>Ce fut l&rsquo;occasion pour l&rsquo;assistance de rencontrer des chercheurs, m\u00e9decins, et soignants enthousiastes, passionn\u00e9s par leur travail avec des enfants dont le bien-\u00eatre est le soucis quotidien.<\/p>\n<p><a rel=\"lightbox\" href=\"http:\/\/aunomdanna.free.fr\/wordpress\/wp-content\/pa110087.jpg\" title=\"PA110087.JPG\"><img loading=\"lazy\" decoding=\"async\" border=\"0\" width=\"400\" src=\"http:\/\/aunomdanna.free.fr\/wordpress\/wp-content\/pa110087-tn.jpg\" alt=\"PA110087.JPG\" height=\"250\" style=\"display: inline; margin-left: 50px; width: 400px; height: 250px\" title=\"PA110087.JPG\" id=\"urn:zoundry:jid:PA110087.JPG\" \/><\/a><\/p>\n<p>La recherche sur les maladies rares fait l&rsquo;objet de plans nationaux mais aussi europ\u00e9ens : les collaborations internationales se multiplient et la volont\u00e9 de p\u00e9renniser ces recherches est manifeste.<\/p>\n<p>Gr\u00e2ce aux nombreux amis qui ont pris en charge Anna pendant ce week end, Margo et Pascal ont pu participer au congr\u00e8s.<\/p>\n<p><a rel=\"lightbox\" href=\"http:\/\/aunomdanna.free.fr\/wordpress\/wp-content\/pa120093.jpg\" title=\"PA120093.JPG\"><img loading=\"lazy\" decoding=\"async\" border=\"0\" width=\"400\" src=\"http:\/\/aunomdanna.free.fr\/wordpress\/wp-content\/pa120093-tn.jpg\" alt=\"PA120093.JPG\" height=\"272\" style=\"display: inline; margin-left: 50px; width: 400px; height: 272px\" title=\"PA120093.JPG\" id=\"urn:zoundry:jid:PA120093.JPG\" \/><\/a><\/p>\n<p><a rel=\"lightbox\" href=\"http:\/\/aunomdanna.free.fr\/wordpress\/wp-content\/pa100067.jpg\" title=\"PA100067.JPG\"><img loading=\"lazy\" decoding=\"async\" border=\"0\" width=\"300\" src=\"http:\/\/aunomdanna.free.fr\/wordpress\/wp-content\/pa100067-tn.jpg\" alt=\"PA100067.JPG\" height=\"521\" style=\"display: inline; margin-left: 100px; width: 300px; height: 521px\" title=\"PA100067.JPG\" id=\"urn:zoundry:jid:PA100067.JPG\" \/><\/a><\/p>\n","protected":false},"excerpt":{"rendered":"<p>Du 10 au 13 octobre s&rsquo;est tenu \u00e0 Paris le 6\u00e8me Congr\u00e8s Mondial sur le syndr\u00f4me de Rett. De nombreux intervenants, mondialement reconnus s&rsquo;y \u00e9taient donn\u00e9 rendez-vous, tant dans le domaine de la recherche g\u00e9n\u00e9tique que dans l&rsquo;accompagnement param\u00e9dical. Si les perspectives de gu\u00e9rison sont encore bien lointaines, de nombreuses recherches visant \u00e0 soulager le&#8230; <\/p>\n<div class=\"link-more\"><a href=\"https:\/\/www.aunomdanna.fr\/blog\/?p=437\">En savoir plus<\/a><\/div>\n","protected":false},"author":1,"featured_media":0,"comment_status":"open","ping_status":"open","sticky":false,"template":"","format":"standard","meta":{"_jetpack_memberships_contains_paid_content":false,"footnotes":""},"categories":[1],"tags":[],"class_list":["post-437","post","type-post","status-publish","format-standard","hentry","category-non-classe"],"jetpack_featured_media_url":"","jetpack_sharing_enabled":true,"_links":{"self":[{"href":"https:\/\/www.aunomdanna.fr\/blog\/index.php?rest_route=\/wp\/v2\/posts\/437","targetHints":{"allow":["GET"]}}],"collection":[{"href":"https:\/\/www.aunomdanna.fr\/blog\/index.php?rest_route=\/wp\/v2\/posts"}],"about":[{"href":"https:\/\/www.aunomdanna.fr\/blog\/index.php?rest_route=\/wp\/v2\/types\/post"}],"author":[{"embeddable":true,"href":"https:\/\/www.aunomdanna.fr\/blog\/index.php?rest_route=\/wp\/v2\/users\/1"}],"replies":[{"embeddable":true,"href":"https:\/\/www.aunomdanna.fr\/blog\/index.php?rest_route=%2Fwp%2Fv2%2Fcomments&post=437"}],"version-history":[{"count":0,"href":"https:\/\/www.aunomdanna.fr\/blog\/index.php?rest_route=\/wp\/v2\/posts\/437\/revisions"}],"wp:attachment":[{"href":"https:\/\/www.aunomdanna.fr\/blog\/index.php?rest_route=%2Fwp%2Fv2%2Fmedia&parent=437"}],"wp:term":[{"taxonomy":"category","embeddable":true,"href":"https:\/\/www.aunomdanna.fr\/blog\/index.php?rest_route=%2Fwp%2Fv2%2Fcategories&post=437"},{"taxonomy":"post_tag","embeddable":true,"href":"https:\/\/www.aunomdanna.fr\/blog\/index.php?rest_route=%2Fwp%2Fv2%2Ftags&post=437"}],"curies":[{"name":"wp","href":"https:\/\/api.w.org\/{rel}","templated":true}]}}