{"id":447,"date":"2008-11-11T18:44:25","date_gmt":"2008-11-11T16:44:25","guid":{"rendered":"http:\/\/aunomdanna.free.fr\/wordpress\/?p=447"},"modified":"2008-11-11T18:44:25","modified_gmt":"2008-11-11T16:44:25","slug":"la-science-sarrett-a-domene-2","status":"publish","type":"post","link":"https:\/\/www.aunomdanna.fr\/blog\/?p=447","title":{"rendered":"La science s&rsquo;arRETT \u00e0 Dom\u00e8ne &#8230;"},"content":{"rendered":"<p><a href=\"http:\/\/aunomdanna.free.fr\/wordpress\/wp-content\/122642174910-logo-fleur-anna.jpg\" rel=\"lightbox\" title=\"Logo_fleur_Anna.JPG\"><img loading=\"lazy\" decoding=\"async\" src=\"http:\/\/aunomdanna.free.fr\/wordpress\/wp-content\/122642174910-logo-fleur-anna-tn.jpg\" style=\"DISPLAY: inline; MARGIN-LEFT: 150px; WIDTH: 100px; HEIGHT: 101px\" title=\"Logo_fleur_Anna.JPG\" height=\"101\" width=\"100\" alt=\"Logo_fleur_Anna.JPG\" border=\"0\" id=\"urn:zoundry:jid:122642174910_Logo_fleur_Anna.JPG\"\/><\/a><\/p>\n<p>Comme nous vous l&rsquo;avions dit, \u00ab\u00a0Au Nom d&rsquo;Anna\u00a0\u00bb soutient la recherche scientifique et parle du polyhandicap. En effet, en lien avec le Congr\u00e8s Mondial du Syndrome de RETT (Paris, 10 au 13 octobre 2008), l&rsquo;association organise des journ\u00e9es consacr\u00e9es \u00e0 la recherche en g\u00e9n\u00e9tique et \u00e0 la prise en charge du polyhandicap.<\/p>\n<p>Deux animations sont pr\u00e9vues en direction des adultes et des jeunes enfants :<\/p>\n<p>&#8211; <strong>Vendredi 14 Novembre 2008 de 9h00 \u00e0 17h00 au Diapason de Dom\u00e8ne<\/strong><\/p>\n<p>Une initiation pratique \u00e0 la g\u00e9n\u00e9tique par des petites exp\u00e9rimentations et une exposition en direction des \u00e9coles primaires (par l&rsquo;association \u00ab\u00a0les Petits D\u00e9brouillards\u00a0\u00bb)<\/p>\n<p><a href=\"http:\/\/aunomdanna.free.fr\/wordpress\/wp-content\/71-les-petits-debrouillards.jpg\" rel=\"lightbox\" title=\"71_les_petits_debrouillards.jpg\"><img loading=\"lazy\" decoding=\"async\" src=\"http:\/\/aunomdanna.free.fr\/wordpress\/wp-content\/71-les-petits-debrouillards-tn.jpg\" style=\"WIDTH: 200px; HEIGHT: 124px\" title=\"71_les_petits_debrouillards.jpg\" height=\"124\" width=\"200\" alt=\"71_les_petits_debrouillards.jpg\" border=\"0\" id=\"urn:zoundry:jid:71_les_petits_debrouillards.jpg\"\/><\/a><a href=\"http:\/\/aunomdanna.free.fr\/wordpress\/wp-content\/logo-petits-deb.jpg\" rel=\"lightbox\" title=\"logo_petits_deb.jpg\"><img loading=\"lazy\" decoding=\"async\" src=\"http:\/\/aunomdanna.free.fr\/wordpress\/wp-content\/logo-petits-deb-tn.jpg\" style=\"DISPLAY: inline; MARGIN-LEFT: 100px; WIDTH: 150px; HEIGHT: 132px\" title=\"logo_petits_deb.jpg\" height=\"132\" width=\"150\" alt=\"logo_petits_deb.jpg\" border=\"0\" id=\"urn:zoundry:jid:logo_petits_deb.jpg\"\/><\/a><\/p>\n<p>&#8211; <strong>Jeudi 20 Novembre 2008 \u00e0 20h00 salle des f\u00eates l&rsquo;Escapade \u00e0 Dom\u00e8ne<\/strong><\/p>\n<p>Une conf\u00e9rence \u00ab\u00a0La science s&rsquo;arRETT \u00e0 Dom\u00e8ne\u00a0\u00bb avec la participation de Mr Laurent Villard, chercheur de l&rsquo;INSERM et des professionnels du domaine social, m\u00e9dical et param\u00e9dical (m\u00e9decins, kin\u00e9s, \u00e9ducateurs, psychomotriciens,&#8230;). Cette conf\u00e9rence s&rsquo;adresse au Grand Public, aux associations de malades, aux famille, aux professionnels concern\u00e9s par le polyhandicap.<\/p>\n<p><a href=\"http:\/\/aunomdanna.free.fr\/wordpress\/wp-content\/p-197-laurent.jpg\" rel=\"lightbox\" title=\"p_197_laurent.jpg\"><img loading=\"lazy\" decoding=\"async\" src=\"http:\/\/aunomdanna.free.fr\/wordpress\/wp-content\/p-197-laurent-tn.jpg\" style=\"DISPLAY: inline; MARGIN-LEFT: 150px; WIDTH: 200px; HEIGHT: 227px\" title=\"p_197_laurent.jpg\" height=\"227\" width=\"200\" alt=\"p_197_laurent.jpg\" border=\"0\" id=\"urn:zoundry:jid:p_197_laurent.jpg\"\/><\/a><\/p>\n<p><\/p>\n","protected":false},"excerpt":{"rendered":"<p>Comme nous vous l&rsquo;avions dit, \u00ab\u00a0Au Nom d&rsquo;Anna\u00a0\u00bb soutient la recherche scientifique et parle du polyhandicap. En effet, en lien avec le Congr\u00e8s Mondial du Syndrome de RETT (Paris, 10 au 13 octobre 2008), l&rsquo;association organise des journ\u00e9es consacr\u00e9es \u00e0 la recherche en g\u00e9n\u00e9tique et \u00e0 la prise en charge du polyhandicap. Deux animations sont&#8230; <\/p>\n<div class=\"link-more\"><a href=\"https:\/\/www.aunomdanna.fr\/blog\/?p=447\">En savoir plus<\/a><\/div>\n","protected":false},"author":1,"featured_media":0,"comment_status":"open","ping_status":"open","sticky":false,"template":"","format":"standard","meta":{"_jetpack_memberships_contains_paid_content":false,"footnotes":""},"categories":[4],"tags":[],"class_list":["post-447","post","type-post","status-publish","format-standard","hentry","category-la-vie-de-lassociation"],"jetpack_featured_media_url":"","jetpack_sharing_enabled":true,"_links":{"self":[{"href":"https:\/\/www.aunomdanna.fr\/blog\/index.php?rest_route=\/wp\/v2\/posts\/447","targetHints":{"allow":["GET"]}}],"collection":[{"href":"https:\/\/www.aunomdanna.fr\/blog\/index.php?rest_route=\/wp\/v2\/posts"}],"about":[{"href":"https:\/\/www.aunomdanna.fr\/blog\/index.php?rest_route=\/wp\/v2\/types\/post"}],"author":[{"embeddable":true,"href":"https:\/\/www.aunomdanna.fr\/blog\/index.php?rest_route=\/wp\/v2\/users\/1"}],"replies":[{"embeddable":true,"href":"https:\/\/www.aunomdanna.fr\/blog\/index.php?rest_route=%2Fwp%2Fv2%2Fcomments&post=447"}],"version-history":[{"count":0,"href":"https:\/\/www.aunomdanna.fr\/blog\/index.php?rest_route=\/wp\/v2\/posts\/447\/revisions"}],"wp:attachment":[{"href":"https:\/\/www.aunomdanna.fr\/blog\/index.php?rest_route=%2Fwp%2Fv2%2Fmedia&parent=447"}],"wp:term":[{"taxonomy":"category","embeddable":true,"href":"https:\/\/www.aunomdanna.fr\/blog\/index.php?rest_route=%2Fwp%2Fv2%2Fcategories&post=447"},{"taxonomy":"post_tag","embeddable":true,"href":"https:\/\/www.aunomdanna.fr\/blog\/index.php?rest_route=%2Fwp%2Fv2%2Ftags&post=447"}],"curies":[{"name":"wp","href":"https:\/\/api.w.org\/{rel}","templated":true}]}}