{"id":4846,"date":"2026-04-28T10:50:44","date_gmt":"2026-04-28T09:50:44","guid":{"rendered":"https:\/\/www.aunomdanna.fr\/blog\/?p=4846"},"modified":"2026-04-28T10:53:38","modified_gmt":"2026-04-28T09:53:38","slug":"ag-au-nom-danna-4","status":"publish","type":"post","link":"https:\/\/www.aunomdanna.fr\/blog\/?p=4846","title":{"rendered":"AG Au nom d&rsquo;Anna"},"content":{"rendered":"\n<p><strong>L\u2019Assembl\u00e9e G\u00e9n\u00e9rale de l\u2019association Au nom d\u2019Anna s\u2019est tenue le lundi 23 mars 2026 \u00e0 <\/strong><strong>20h \u00e0 Dom\u00e8ne<\/strong><strong>.<\/strong><\/p>\n\n\n\n<p>Fid\u00e8le \u00e0 ses valeurs de solidarit\u00e9 et de partage, l\u2019association poursuit son engagement aupr\u00e8s des personnes polyhandicap\u00e9es et continue d\u2019accompagner Anna au quotidien.<\/p>\n\n\n\n<p>Le bureau reste pleinement mobilis\u00e9 pour faire vivre cet \u00e9lan solidaire tout au long de l\u2019ann\u00e9e \u00e0 venir.<\/p>\n\n\n\n<p>Si vous souhaitez continuer \u00e0 soutenir nos actions, vous pouvez d\u00e8s \u00e0 pr\u00e9sent renouveler votre adh\u00e9sion (15 \u20ac) en l\u2019adressant au si\u00e8ge de l\u2019association. N\u2019h\u00e9sitez pas \u00e9galement \u00e0 faire conna\u00eetre l\u2019association autour de vous, dans vos cercles familiaux, amicaux ou professionnels. Votre soutien et votre relais sont pr\u00e9cieux pour faire grandir notre engagement solidaire.<\/p>\n\n\n\n<figure class=\"wp-block-image size-full\"><a href=\"https:\/\/www.aunomdanna.fr\/blog\/wp-content\/uploads\/2026\/04\/467f952f-c1f3-4523-b28f-661dbb3fc13d-e1777369889929.jpg\" rel=\"lightbox[4846]\"><img loading=\"lazy\" decoding=\"async\" width=\"586\" height=\"423\" src=\"https:\/\/www.aunomdanna.fr\/blog\/wp-content\/uploads\/2026\/04\/467f952f-c1f3-4523-b28f-661dbb3fc13d-e1777369889929.jpg\" alt=\"\" class=\"wp-image-4847\" srcset=\"https:\/\/www.aunomdanna.fr\/blog\/wp-content\/uploads\/2026\/04\/467f952f-c1f3-4523-b28f-661dbb3fc13d-e1777369889929.jpg 586w, https:\/\/www.aunomdanna.fr\/blog\/wp-content\/uploads\/2026\/04\/467f952f-c1f3-4523-b28f-661dbb3fc13d-e1777369889929-300x217.jpg 300w, https:\/\/www.aunomdanna.fr\/blog\/wp-content\/uploads\/2026\/04\/467f952f-c1f3-4523-b28f-661dbb3fc13d-e1777369889929-416x300.jpg 416w\" sizes=\"auto, (max-width: 586px) 100vw, 586px\" \/><\/a><\/figure>\n","protected":false},"excerpt":{"rendered":"<p>L\u2019Assembl\u00e9e G\u00e9n\u00e9rale de l\u2019association Au nom d\u2019Anna s\u2019est tenue le lundi 23 mars 2026 \u00e0 20h \u00e0 Dom\u00e8ne. Fid\u00e8le \u00e0 ses valeurs de solidarit\u00e9 et de partage, l\u2019association poursuit son engagement aupr\u00e8s des personnes polyhandicap\u00e9es et continue d\u2019accompagner Anna au quotidien. Le bureau reste pleinement mobilis\u00e9 pour faire vivre cet \u00e9lan solidaire tout au long&#8230; <\/p>\n<div class=\"link-more\"><a href=\"https:\/\/www.aunomdanna.fr\/blog\/?p=4846\">En savoir plus<\/a><\/div>\n","protected":false},"author":1,"featured_media":0,"comment_status":"closed","ping_status":"closed","sticky":false,"template":"","format":"standard","meta":{"_jetpack_memberships_contains_paid_content":false,"footnotes":""},"categories":[3],"tags":[],"class_list":["post-4846","post","type-post","status-publish","format-standard","hentry","category-quotidien"],"jetpack_featured_media_url":"","jetpack_sharing_enabled":true,"_links":{"self":[{"href":"https:\/\/www.aunomdanna.fr\/blog\/index.php?rest_route=\/wp\/v2\/posts\/4846","targetHints":{"allow":["GET"]}}],"collection":[{"href":"https:\/\/www.aunomdanna.fr\/blog\/index.php?rest_route=\/wp\/v2\/posts"}],"about":[{"href":"https:\/\/www.aunomdanna.fr\/blog\/index.php?rest_route=\/wp\/v2\/types\/post"}],"author":[{"embeddable":true,"href":"https:\/\/www.aunomdanna.fr\/blog\/index.php?rest_route=\/wp\/v2\/users\/1"}],"replies":[{"embeddable":true,"href":"https:\/\/www.aunomdanna.fr\/blog\/index.php?rest_route=%2Fwp%2Fv2%2Fcomments&post=4846"}],"version-history":[{"count":2,"href":"https:\/\/www.aunomdanna.fr\/blog\/index.php?rest_route=\/wp\/v2\/posts\/4846\/revisions"}],"predecessor-version":[{"id":4849,"href":"https:\/\/www.aunomdanna.fr\/blog\/index.php?rest_route=\/wp\/v2\/posts\/4846\/revisions\/4849"}],"wp:attachment":[{"href":"https:\/\/www.aunomdanna.fr\/blog\/index.php?rest_route=%2Fwp%2Fv2%2Fmedia&parent=4846"}],"wp:term":[{"taxonomy":"category","embeddable":true,"href":"https:\/\/www.aunomdanna.fr\/blog\/index.php?rest_route=%2Fwp%2Fv2%2Fcategories&post=4846"},{"taxonomy":"post_tag","embeddable":true,"href":"https:\/\/www.aunomdanna.fr\/blog\/index.php?rest_route=%2Fwp%2Fv2%2Ftags&post=4846"}],"curies":[{"name":"wp","href":"https:\/\/api.w.org\/{rel}","templated":true}]}}