{"id":4884,"date":"2026-09-02T20:33:00","date_gmt":"2026-09-02T19:33:00","guid":{"rendered":"https:\/\/www.aunomdanna.fr\/blog\/?p=4884"},"modified":"2026-09-02T20:36:21","modified_gmt":"2026-09-02T19:36:21","slug":"au-nom-danna-devient-adherent-au-handireseaux38","status":"publish","type":"post","link":"https:\/\/www.aunomdanna.fr\/blog\/?p=4884","title":{"rendered":"AU NOM D\u2019ANNA DEVIENT ADHERENT AU HANDIRESEAUX38 !"},"content":{"rendered":"\n<figure class=\"wp-block-image size-full\"><a href=\"https:\/\/www.aunomdanna.fr\/blog\/wp-content\/uploads\/2026\/09\/logo-handireseaux38-header.jpg\" rel=\"lightbox[4884]\"><img loading=\"lazy\" decoding=\"async\" width=\"409\" height=\"204\" src=\"https:\/\/www.aunomdanna.fr\/blog\/wp-content\/uploads\/2026\/09\/logo-handireseaux38-header.jpg\" alt=\"\" class=\"wp-image-4886\" srcset=\"https:\/\/www.aunomdanna.fr\/blog\/wp-content\/uploads\/2026\/09\/logo-handireseaux38-header.jpg 409w, https:\/\/www.aunomdanna.fr\/blog\/wp-content\/uploads\/2026\/09\/logo-handireseaux38-header-300x150.jpg 300w\" sizes=\"auto, (max-width: 409px) 100vw, 409px\" \/><\/a><\/figure>\n\n\n\n<p><strong>HandiR\u00e9seaux38 est le r\u00e9seau is\u00e9rois inter-acteurs du handicap<\/strong><strong>.<\/strong><\/p>\n\n\n\n<p><a href=\"http:\/\/www.handireseaux38.fr\/\">www.handireseaux38.fr<\/a><\/p>\n\n\n\n<p>Il r\u00e9unit les personnes en situation de handicap, leurs familles et aidants, les \u00e9tablissements et services qui les accompagnent, ainsi que l\u2019ensemble des acteurs engag\u00e9s en faveur du handicap en Is\u00e8re.<\/p>\n\n\n\n<p><strong>HandiR\u00e9seaux38 \u0153uvre pour une soci\u00e9t\u00e9 humaniste, plurielle et citoyenne<\/strong><strong>.<\/strong><\/p>\n\n\n\n<p class=\"has-vivid-red-color has-text-color has-link-color wp-elements-cb642ef176190577f0311acccc0f7dd4\"><strong>Pour notre association, faire partie de HandiR\u00e9seaux38 est une v\u00e9ritable reconnaissance et une source de fiert\u00e9. L\u2019adh\u00e9sion au r\u00e9seau t\u00e9moigne de notre engagement en faveur de ces valeurs et de notre volont\u00e9 de contribuer collectivement \u00e0 une soci\u00e9t\u00e9 plus inclusive. Le r\u00e9seau rassemble des associations et des acteurs qui partagent ces valeurs et s\u2019engagent concr\u00e8tement en faveur des personnes en situation de handicap, de leurs familles et de leurs aidants.<\/strong><\/p>\n\n\n\n<p>Le r\u00e9seau agit pour :<\/p>\n\n\n\n<p><strong>Cr\u00e9er du lien et favoriser l\u2019interconnaissance<\/strong> entre les acteurs du handicap ;<\/p>\n\n\n\n<p><strong>Partager les ressources, les exp\u00e9riences et les savoir-faire<\/strong> et d\u00e9velopper l\u2019entraide ;<\/p>\n\n\n\n<p><strong>Favoriser le pouvoir d\u2019agir<\/strong> et la co-construction de solutions ;<\/p>\n\n\n\n<p><strong>Construire une parole collective<\/strong> autour des enjeux du handicap ;<\/p>\n\n\n\n<p><strong>Contribuer \u00e0 l\u2019\u00e9laboration des politiques publiques<\/strong> et porter cette parole aupr\u00e8s des d\u00e9cideurs et des financeurs.<\/p>\n","protected":false},"excerpt":{"rendered":"<p>HandiR\u00e9seaux38 est le r\u00e9seau is\u00e9rois inter-acteurs du handicap. www.handireseaux38.fr Il r\u00e9unit les personnes en situation de handicap, leurs familles et aidants, les \u00e9tablissements et services qui les accompagnent, ainsi que l\u2019ensemble des acteurs engag\u00e9s en faveur du handicap en Is\u00e8re. HandiR\u00e9seaux38 \u0153uvre pour une soci\u00e9t\u00e9 humaniste, plurielle et citoyenne. Pour notre association, faire partie de&#8230; <\/p>\n<div class=\"link-more\"><a href=\"https:\/\/www.aunomdanna.fr\/blog\/?p=4884\">En savoir plus<\/a><\/div>\n","protected":false},"author":1,"featured_media":0,"comment_status":"closed","ping_status":"closed","sticky":false,"template":"","format":"standard","meta":{"_jetpack_memberships_contains_paid_content":false,"footnotes":""},"categories":[3],"tags":[],"class_list":["post-4884","post","type-post","status-publish","format-standard","hentry","category-quotidien"],"jetpack_featured_media_url":"","jetpack_sharing_enabled":true,"_links":{"self":[{"href":"https:\/\/www.aunomdanna.fr\/blog\/index.php?rest_route=\/wp\/v2\/posts\/4884","targetHints":{"allow":["GET"]}}],"collection":[{"href":"https:\/\/www.aunomdanna.fr\/blog\/index.php?rest_route=\/wp\/v2\/posts"}],"about":[{"href":"https:\/\/www.aunomdanna.fr\/blog\/index.php?rest_route=\/wp\/v2\/types\/post"}],"author":[{"embeddable":true,"href":"https:\/\/www.aunomdanna.fr\/blog\/index.php?rest_route=\/wp\/v2\/users\/1"}],"replies":[{"embeddable":true,"href":"https:\/\/www.aunomdanna.fr\/blog\/index.php?rest_route=%2Fwp%2Fv2%2Fcomments&post=4884"}],"version-history":[{"count":2,"href":"https:\/\/www.aunomdanna.fr\/blog\/index.php?rest_route=\/wp\/v2\/posts\/4884\/revisions"}],"predecessor-version":[{"id":4887,"href":"https:\/\/www.aunomdanna.fr\/blog\/index.php?rest_route=\/wp\/v2\/posts\/4884\/revisions\/4887"}],"wp:attachment":[{"href":"https:\/\/www.aunomdanna.fr\/blog\/index.php?rest_route=%2Fwp%2Fv2%2Fmedia&parent=4884"}],"wp:term":[{"taxonomy":"category","embeddable":true,"href":"https:\/\/www.aunomdanna.fr\/blog\/index.php?rest_route=%2Fwp%2Fv2%2Fcategories&post=4884"},{"taxonomy":"post_tag","embeddable":true,"href":"https:\/\/www.aunomdanna.fr\/blog\/index.php?rest_route=%2Fwp%2Fv2%2Ftags&post=4884"}],"curies":[{"name":"wp","href":"https:\/\/api.w.org\/{rel}","templated":true}]}}