{"id":708,"date":"2010-01-23T13:36:27","date_gmt":"2010-01-23T11:36:27","guid":{"rendered":"http:\/\/aunomdanna.free.fr\/wordpress\/?p=708"},"modified":"2010-01-23T13:36:27","modified_gmt":"2010-01-23T11:36:27","slug":"le-cross-des-enfants-malades-2","status":"publish","type":"post","link":"https:\/\/www.aunomdanna.fr\/blog\/?p=708","title":{"rendered":"Le cross des enfants malades&#8230;"},"content":{"rendered":"<p><font size=\"2\" face=\"Arial\"><a href=\"http:\/\/aunomdanna.free.fr\/wordpress\/wp-content\/p1010020.JPG\" title=\"p1010020.JPG\" rel=\"lightbox[708]\"><\/a><a href=\"http:\/\/aunomdanna.free.fr\/wordpress\/wp-content\/p1010020.JPG\" title=\"p1010020.JPG\" rel=\"lightbox[708]\"><\/a><a href=\"http:\/\/aunomdanna.free.fr\/wordpress\/wp-content\/p1010020.JPG\" title=\"p1010020.JPG\" rel=\"lightbox[708]\"><\/a><\/font><font size=\"2\" face=\"Arial\"><a href=\"http:\/\/aunomdanna.free.fr\/wordpress\/wp-content\/p1010020.JPG\" title=\"p1010020.JPG\" rel=\"lightbox[708]\"><\/a><a href=\"http:\/\/aunomdanna.free.fr\/wordpress\/wp-content\/p1010020.JPG\" title=\"p1010020.JPG\" rel=\"lightbox[708]\"><\/a><a href=\"http:\/\/aunomdanna.free.fr\/wordpress\/wp-content\/p1010020.JPG\" title=\"p1010020.JPG\" rel=\"lightbox[708]\"><\/a><a href=\"http:\/\/aunomdanna.free.fr\/wordpress\/wp-content\/p1010020.JPG\" title=\"p1010020.JPG\" rel=\"lightbox[708]\"><\/a><\/font><font size=\"2\" face=\"Arial\">\u00a0<font size=\"2\" face=\"Arial\">Comme chaque hiver, le deuxi\u00e8me samedi du mois de d\u00e9cembre voit affluer des milliers de coureurs <\/font><\/p>\n<p><\/font><font size=\"2\" face=\"Arial\">aux abords de l&rsquo;H\u00f4pital.<\/font><\/p>\n<p><font size=\"2\" face=\"Arial\">Courir pour les enfants malades est le seul but de tous ceux qui s&rsquo;\u00e9lancent pour un parcours de 7 kilom\u00e8tres<\/font><\/p>\n<p><font size=\"2\" face=\"Arial\">sur les berges de l&rsquo;Is\u00e8re. Quelle que soit la m\u00e9t\u00e9o, la chaleur et la convivialit\u00e9 sont toujours de la partie.<\/font><\/p>\n<p><font size=\"2\" face=\"Arial\">Depuis quelques ann\u00e9es des membres de l&rsquo;association \u00ab\u00a0Au Nom d&rsquo;Anna\u00a0\u00bb y participent.<\/font><\/p>\n<p><font size=\"2\" face=\"Arial\">A l&rsquo;ann\u00e9e prochaine si le coeur vous en dit!<\/font><\/p>\n","protected":false},"excerpt":{"rendered":"<p>\u00a0Comme chaque hiver, le deuxi\u00e8me samedi du mois de d\u00e9cembre voit affluer des milliers de coureurs aux abords de l&rsquo;H\u00f4pital. Courir pour les enfants malades est le seul but de tous ceux qui s&rsquo;\u00e9lancent pour un parcours de 7 kilom\u00e8tres sur les berges de l&rsquo;Is\u00e8re. Quelle que soit la m\u00e9t\u00e9o, la chaleur et la convivialit\u00e9&#8230; <\/p>\n<div class=\"link-more\"><a href=\"https:\/\/www.aunomdanna.fr\/blog\/?p=708\">En savoir plus<\/a><\/div>\n","protected":false},"author":1,"featured_media":0,"comment_status":"open","ping_status":"open","sticky":false,"template":"","format":"standard","meta":{"_jetpack_memberships_contains_paid_content":false,"footnotes":""},"categories":[4],"tags":[],"class_list":["post-708","post","type-post","status-publish","format-standard","hentry","category-la-vie-de-lassociation"],"jetpack_featured_media_url":"","jetpack_sharing_enabled":true,"_links":{"self":[{"href":"https:\/\/www.aunomdanna.fr\/blog\/index.php?rest_route=\/wp\/v2\/posts\/708","targetHints":{"allow":["GET"]}}],"collection":[{"href":"https:\/\/www.aunomdanna.fr\/blog\/index.php?rest_route=\/wp\/v2\/posts"}],"about":[{"href":"https:\/\/www.aunomdanna.fr\/blog\/index.php?rest_route=\/wp\/v2\/types\/post"}],"author":[{"embeddable":true,"href":"https:\/\/www.aunomdanna.fr\/blog\/index.php?rest_route=\/wp\/v2\/users\/1"}],"replies":[{"embeddable":true,"href":"https:\/\/www.aunomdanna.fr\/blog\/index.php?rest_route=%2Fwp%2Fv2%2Fcomments&post=708"}],"version-history":[{"count":0,"href":"https:\/\/www.aunomdanna.fr\/blog\/index.php?rest_route=\/wp\/v2\/posts\/708\/revisions"}],"wp:attachment":[{"href":"https:\/\/www.aunomdanna.fr\/blog\/index.php?rest_route=%2Fwp%2Fv2%2Fmedia&parent=708"}],"wp:term":[{"taxonomy":"category","embeddable":true,"href":"https:\/\/www.aunomdanna.fr\/blog\/index.php?rest_route=%2Fwp%2Fv2%2Fcategories&post=708"},{"taxonomy":"post_tag","embeddable":true,"href":"https:\/\/www.aunomdanna.fr\/blog\/index.php?rest_route=%2Fwp%2Fv2%2Ftags&post=708"}],"curies":[{"name":"wp","href":"https:\/\/api.w.org\/{rel}","templated":true}]}}