{"id":713,"date":"2010-02-14T19:27:36","date_gmt":"2010-02-14T17:27:36","guid":{"rendered":"http:\/\/aunomdanna.free.fr\/wordpress\/?p=713"},"modified":"2010-02-14T19:27:36","modified_gmt":"2010-02-14T17:27:36","slug":"713","status":"publish","type":"post","link":"https:\/\/www.aunomdanna.fr\/blog\/?p=713","title":{"rendered":"Les parents d&rsquo;Anna en col\u00e8re !!!"},"content":{"rendered":"<p><a title=\"2009_020400141.JPG\" href=\"http:\/\/aunomdanna.free.fr\/wordpress\/wp-content\/2009_020400141.JPG\" rel=\"lightbox[713]\"><\/a><a title=\"2009_020400141.JPG\" href=\"http:\/\/aunomdanna.free.fr\/wordpress\/wp-content\/2009_020400141.JPG\" rel=\"lightbox[713]\"><\/a><a title=\"2009_020400141.JPG\" href=\"http:\/\/aunomdanna.free.fr\/wordpress\/wp-content\/2009_020400141.JPG\" rel=\"lightbox[713]\"><\/a><a title=\"2009_020400141.JPG\" href=\"http:\/\/aunomdanna.free.fr\/wordpress\/wp-content\/2009_020400141.JPG\" rel=\"lightbox[713]\"><\/a><a title=\"2009_020400141.JPG\" href=\"http:\/\/aunomdanna.free.fr\/wordpress\/wp-content\/2009_020400141.JPG\" rel=\"lightbox[713]\"><\/a><\/p>\n<p style=\"text-align: center;\"><a title=\"2009_020400141.JPG\" href=\"http:\/\/aunomdanna.free.fr\/wordpress\/wp-content\/2009_020400141.JPG\" rel=\"lightbox[713]\"><img loading=\"lazy\" decoding=\"async\" style=\"width: 328px; height: 218px;\" src=\"http:\/\/aunomdanna.free.fr\/wordpress\/wp-content\/2009_020400141.JPG\" alt=\"2009_020400141.JPG\" width=\"328\" height=\"218\" \/><\/a><\/p>\n<p>Voici la lettre que Margo et Pascal, les parents d&rsquo;Anna ont envoy\u00e9e \u00e0 l&rsquo;attention de Mr\u00a0Baietto, \u00e9lu aux transports du Conseil G\u00e9n\u00e9ral de l&rsquo;Is\u00e8re.<\/p>\n<p><strong><span style=\"font-size: 20pt;\"><span style=\"font-family: Times New Roman;\">\u00ab\u00a0Le probl\u00e8me du transport \u2013 une question de fond\u2026.<\/span><\/span><\/strong><span style=\"font-size: 16pt;\"><span style=\"font-family: Times New Roman;\">quelques interrogations autour du transport des enfants handicap\u00e9s\u00a0\u00bb<\/span><\/span><span style=\"font-size: 18pt; color: red;\"><span style=\"font-family: Times New Roman;\"> <\/span><\/span><\/p>\n<p>La petite Anna ne parle pas. Seul son regard indique ses \u00e9motions\u00a0: ses joies, ses inqui\u00e9tudes, ses peurs. Tous les matins elle quitte la maison pour se rendre \u00e0 l\u2019\u00e9tablissement d\u2019accueil \u00ab\u00a0Ninon Vallin\u00a0\u00bb \u00e0 Grenoble. Au d\u00e9but elle prenait un taxi. Elle connaissait bien le chauffeur et il faisait partie de son entourage. Anna \u00e9tait dans un environnement rassurant gr\u00e2ce aux liens qui s\u2019\u00e9taient cr\u00e9\u00e9s entre eux.<br \/>\nCela fait maintenant deux ans qu\u2019un grand v\u00e9hicule vert vient la chercher \u00e0 la maison comme les autres enfants de sa tourn\u00e9e. Depuis le changement de prestataire, le voyage dure parfois deux heures A\/R par jour. Ces deux heures quotidiennes entre la maison et l\u2019IMP font partie de la journ\u00e9e d\u2019Anna et il est essentiel de consid\u00e9rer le transport comme un moment privil\u00e9gi\u00e9.<\/p>\n<p>Lorsqu\u2019 \u00e0 l\u2019initiative de \u00ab\u00a0Ninon Vallin\u00a0\u00bb le transport des enfants a \u00e9t\u00e9 confi\u00e9 \u00e0 l\u2019APF nous avons demand\u00e9 d\u2019assurer la stabilit\u00e9 du chauffeur pour que les enfants, comme les parents, aient un rep\u00e8re. Or, en deux ans, pas moins de six chauffeurs se sont succ\u00e9d\u00e9s. Il y a s\u00fbrement une multitude de raisons pertinentes pour justifier les d\u00e9cisions des nombreux changements prises par l\u2019APF mais nous sommes en droit de nous demander si l\u2019\u00e9quilibre, le bien-\u00eatre de nos enfants et l\u2019avis des parents sera un jour consid\u00e9r\u00e9.<br \/>\nLa personne qui emm\u00e8ne nos enfants est plus qu\u2019un chauffeur. C\u2019est aussi un accompagnateur, une personne qui doit avoir des qualifications et comp\u00e9tences particuli\u00e8res et adapt\u00e9es. Nous ne conduisons pas des enfants comme l\u2019on conduit des personnes adultes autonomes ou de la marchandise, qui plus est lorsque ce sont des enfants handicap\u00e9s et fragiles.<br \/>\nLe service prest\u00e9 est avant tout un service aux enfants qui engage la responsabilit\u00e9 de l\u2019IMP face aux familles.<br \/>\nNous souhaitons qu\u2019il y ait plus d\u2019exigences vis-\u00e0-vis des prestataires de service et que le cahier des charges soit \u00e9labor\u00e9 en prenant en compte les besoins des enfants.<\/p>\n<p>Ce qui nous touche beaucoup dans cette histoire de transport qui est, nous le savons bien, une histoire parmi d\u2019autres, c\u2019est le manque de respect et de consid\u00e9ration pour l\u2019enfant handicap\u00e9. Le chauffeur qui vient de partir afin d\u2019assurer par la suite l\u2019accompagnement des enfants pour \u00ab\u00a0progresser dans sa carri\u00e8re professionnelle\u00a0\u00bbvient d\u2019\u00eatre remplac\u00e9. Voici ce que nous a donn\u00e9 comme explication le responsable de la tourn\u00e9e APF. Nous en avons donc conclu que l\u2019enfant handicap\u00e9 n\u2019est m\u00eame pas consid\u00e9r\u00e9 comme un enfant et que certains chauffeurs sont trop qualifi\u00e9s pour accomplir cette mission si peu gratifiante.<\/p>\n<p>Aujourd\u2019hui nous sommes r\u00e9volt\u00e9s mais aussi tr\u00e8s tristes. Nous prenons de plus en plus conscience que nous sommes encore bien loin des grandes id\u00e9es sur l\u2019int\u00e9gration et le respect des personnes handicap\u00e9es. La petite Anna ne parle pas. Seul son regard indique ses \u00e9motions. Demain matin elle va affronter l\u2019inconnu, monter dans le grand v\u00e9hicule vert.<br \/>\nEncore une fois nous lirons dans ses yeux la peur et l\u2019incertitude et nous ne pourrons pas la rassurer.<\/p>\n","protected":false},"excerpt":{"rendered":"<p>Voici la lettre que Margo et Pascal, les parents d&rsquo;Anna ont envoy\u00e9e \u00e0 l&rsquo;attention de Mr\u00a0Baietto, \u00e9lu aux transports du Conseil G\u00e9n\u00e9ral de l&rsquo;Is\u00e8re. \u00ab\u00a0Le probl\u00e8me du transport \u2013 une question de fond\u2026.quelques interrogations autour du transport des enfants handicap\u00e9s\u00a0\u00bb La petite Anna ne parle pas. Seul son regard indique ses \u00e9motions\u00a0: ses joies, ses&#8230; <\/p>\n<div class=\"link-more\"><a href=\"https:\/\/www.aunomdanna.fr\/blog\/?p=713\">En savoir plus<\/a><\/div>\n","protected":false},"author":1,"featured_media":0,"comment_status":"open","ping_status":"open","sticky":false,"template":"","format":"standard","meta":{"_jetpack_memberships_contains_paid_content":false,"footnotes":""},"categories":[3],"tags":[],"class_list":["post-713","post","type-post","status-publish","format-standard","hentry","category-quotidien"],"jetpack_featured_media_url":"","jetpack_sharing_enabled":true,"_links":{"self":[{"href":"https:\/\/www.aunomdanna.fr\/blog\/index.php?rest_route=\/wp\/v2\/posts\/713","targetHints":{"allow":["GET"]}}],"collection":[{"href":"https:\/\/www.aunomdanna.fr\/blog\/index.php?rest_route=\/wp\/v2\/posts"}],"about":[{"href":"https:\/\/www.aunomdanna.fr\/blog\/index.php?rest_route=\/wp\/v2\/types\/post"}],"author":[{"embeddable":true,"href":"https:\/\/www.aunomdanna.fr\/blog\/index.php?rest_route=\/wp\/v2\/users\/1"}],"replies":[{"embeddable":true,"href":"https:\/\/www.aunomdanna.fr\/blog\/index.php?rest_route=%2Fwp%2Fv2%2Fcomments&post=713"}],"version-history":[{"count":0,"href":"https:\/\/www.aunomdanna.fr\/blog\/index.php?rest_route=\/wp\/v2\/posts\/713\/revisions"}],"wp:attachment":[{"href":"https:\/\/www.aunomdanna.fr\/blog\/index.php?rest_route=%2Fwp%2Fv2%2Fmedia&parent=713"}],"wp:term":[{"taxonomy":"category","embeddable":true,"href":"https:\/\/www.aunomdanna.fr\/blog\/index.php?rest_route=%2Fwp%2Fv2%2Fcategories&post=713"},{"taxonomy":"post_tag","embeddable":true,"href":"https:\/\/www.aunomdanna.fr\/blog\/index.php?rest_route=%2Fwp%2Fv2%2Ftags&post=713"}],"curies":[{"name":"wp","href":"https:\/\/api.w.org\/{rel}","templated":true}]}}