{"id":717,"date":"2010-03-03T22:29:05","date_gmt":"2010-03-03T20:29:05","guid":{"rendered":"http:\/\/aunomdanna.free.fr\/wordpress\/?p=717"},"modified":"2010-03-03T22:29:05","modified_gmt":"2010-03-03T20:29:05","slug":"anna-au-ski-2","status":"publish","type":"post","link":"https:\/\/www.aunomdanna.fr\/blog\/?p=717","title":{"rendered":"Anna au ski&#8230;"},"content":{"rendered":"<p>Depuis l&rsquo;ann\u00e9e derni\u00e8re Anna a d\u00e9couvert les joies de la glisse gr\u00e2ce au \u00ab\u00a0ski-fauteuil\u00a0\u00bb. Cet appareil est mis \u00e0 disposition par l&rsquo;association \u00ab\u00a0HANDI ALTITUDE\u00a0\u00bb et peut \u00eatre r\u00e9serv\u00e9 \u00e0 l&rsquo;\u00c9cole de Ski d&rsquo;Ar\u00eaches. Il permet, aux personnes handicap\u00e9es mais aussi \u00e2g\u00e9es ou non valides, de d\u00e9couvrir l&rsquo;univers de la haute montagne \u00e0 ski.<br \/>\nUn seul moniteur de ski \u00e0 Ar\u00eaches a fait une formation sp\u00e9cifique pour pouvoir conduire ce fauteuil. Patrick a d\u00e9sormais beaucoup d&rsquo;exp\u00e9rience dans ce domaine et il sait tr\u00e8s bien s&rsquo;adapter aux besoins de ses \u00ab\u00a0passagers\u00a0\u00bb tr\u00e8s diff\u00e9rents.<\/p>\n<p style=\"text-align: center;\"><a href=\"http:\/\/aunomdanna.free.fr\/wordpress\/wp-content\/DSC_0883.jpg\" rel=\"lightbox[717]\"><img loading=\"lazy\" decoding=\"async\" class=\"size-full wp-image-716 aligncenter\" title=\"DSC_0883\" src=\"http:\/\/aunomdanna.free.fr\/wordpress\/wp-content\/DSC_0883-e1267647701170.jpg\" alt=\"\" width=\"400\" height=\"268\" \/><\/a><\/p>\n<p>Pour Anna c&rsquo;\u00e9tait super !!! Elle a profit\u00e9 de chaque moment, sourit, rigol\u00e9 quand elle descendait la pente \u00e0 tout vitesse. Elle \u00e9tait tout simplement heureuse. Toute la famille \u00e9tait l\u00e0 pour l&rsquo;accompagner dans cette aventure.<\/p>\n<p>Merci \u00e0 Patrick pour sa disponibilit\u00e9 et sa bienveillance envers Anna.<\/p>\n","protected":false},"excerpt":{"rendered":"<p>Depuis l&rsquo;ann\u00e9e derni\u00e8re Anna a d\u00e9couvert les joies de la glisse gr\u00e2ce au \u00ab\u00a0ski-fauteuil\u00a0\u00bb. Cet appareil est mis \u00e0 disposition par l&rsquo;association \u00ab\u00a0HANDI ALTITUDE\u00a0\u00bb et peut \u00eatre r\u00e9serv\u00e9 \u00e0 l&rsquo;\u00c9cole de Ski d&rsquo;Ar\u00eaches. Il permet, aux personnes handicap\u00e9es mais aussi \u00e2g\u00e9es ou non valides, de d\u00e9couvrir l&rsquo;univers de la haute montagne \u00e0 ski. Un seul&#8230; <\/p>\n<div class=\"link-more\"><a href=\"https:\/\/www.aunomdanna.fr\/blog\/?p=717\">En savoir plus<\/a><\/div>\n","protected":false},"author":1,"featured_media":0,"comment_status":"open","ping_status":"open","sticky":false,"template":"","format":"standard","meta":{"_jetpack_memberships_contains_paid_content":false,"footnotes":""},"categories":[3],"tags":[],"class_list":["post-717","post","type-post","status-publish","format-standard","hentry","category-quotidien"],"jetpack_featured_media_url":"","jetpack_sharing_enabled":true,"_links":{"self":[{"href":"https:\/\/www.aunomdanna.fr\/blog\/index.php?rest_route=\/wp\/v2\/posts\/717","targetHints":{"allow":["GET"]}}],"collection":[{"href":"https:\/\/www.aunomdanna.fr\/blog\/index.php?rest_route=\/wp\/v2\/posts"}],"about":[{"href":"https:\/\/www.aunomdanna.fr\/blog\/index.php?rest_route=\/wp\/v2\/types\/post"}],"author":[{"embeddable":true,"href":"https:\/\/www.aunomdanna.fr\/blog\/index.php?rest_route=\/wp\/v2\/users\/1"}],"replies":[{"embeddable":true,"href":"https:\/\/www.aunomdanna.fr\/blog\/index.php?rest_route=%2Fwp%2Fv2%2Fcomments&post=717"}],"version-history":[{"count":0,"href":"https:\/\/www.aunomdanna.fr\/blog\/index.php?rest_route=\/wp\/v2\/posts\/717\/revisions"}],"wp:attachment":[{"href":"https:\/\/www.aunomdanna.fr\/blog\/index.php?rest_route=%2Fwp%2Fv2%2Fmedia&parent=717"}],"wp:term":[{"taxonomy":"category","embeddable":true,"href":"https:\/\/www.aunomdanna.fr\/blog\/index.php?rest_route=%2Fwp%2Fv2%2Fcategories&post=717"},{"taxonomy":"post_tag","embeddable":true,"href":"https:\/\/www.aunomdanna.fr\/blog\/index.php?rest_route=%2Fwp%2Fv2%2Ftags&post=717"}],"curies":[{"name":"wp","href":"https:\/\/api.w.org\/{rel}","templated":true}]}}