{"id":720,"date":"2010-03-12T15:21:52","date_gmt":"2010-03-12T13:21:52","guid":{"rendered":"http:\/\/aunomdanna.free.fr\/wordpress\/?p=720"},"modified":"2010-03-12T15:21:52","modified_gmt":"2010-03-12T13:21:52","slug":"le-19eme-tour-de-la-ville-de-domene","status":"publish","type":"post","link":"https:\/\/www.aunomdanna.fr\/blog\/?p=720","title":{"rendered":"Le 19\u00e8me tour de la ville de Dom\u00e8ne"},"content":{"rendered":"<p>Comme chaque ann\u00e9e les coureurs de l&rsquo;Association se donnent RDV pour participer au Tour de la ville de Dom\u00e8ne et courir \u00ab\u00a0Au Nom d&rsquo;Anna\u00a0\u00bb. Cette ann\u00e9e la course aura lieu le <strong>Dimanche 28 Mars<\/strong>&#8230;<br \/>\n&#8211; Plusieurs parcours pour petits et grands.<\/p>\n<p>&#8211; Inscriptions : le jour m\u00eame sur la place Stalingrad \u00e0 partir de 8 h15 et une heure avant le d\u00e9but de chaque course.<br \/>\n&#8211; Certificat m\u00e9dical datant de moins d\u2019un an ou pr\u00e9sentation d\u2019une licence sportive en cours de validit\u00e9.<br \/>\n&#8211; Tarifs : 8 \u20ac le 10 km, 5 \u20ac le parcours pour tous et gratuit\u00e9 pour les autres courses.<\/p>\n<p>Pour plus d&rsquo;informations et pour consulter plus tard les r\u00e9sultats : site internet de la Ville : www.ville-domene.fr.<\/p>\n<p><a href=\"http:\/\/aunomdanna.free.fr\/wordpress\/wp-content\/P10901261.jpg\" rel=\"lightbox[720]\"><a href=\"http:\/\/aunomdanna.free.fr\/wordpress\/wp-content\/P1090138.jpg\" rel=\"lightbox[720]\"><a href=\"http:\/\/aunomdanna.free.fr\/wordpress\/wp-content\/P1090095.jpg\" rel=\"lightbox[720]\"><img loading=\"lazy\" decoding=\"async\" class=\"aligncenter size-full wp-image-730\" title=\"P1090095\" src=\"http:\/\/aunomdanna.free.fr\/wordpress\/wp-content\/P1090095.jpg\" alt=\"\" width=\"416\" height=\"311\" \/><\/a><\/a><\/a><\/p>\n<p><a href=\"http:\/\/aunomdanna.free.fr\/wordpress\/wp-content\/P10901262.jpg\" rel=\"lightbox[720]\"><img loading=\"lazy\" decoding=\"async\" class=\"aligncenter size-full wp-image-733\" title=\"P1090126\" src=\"http:\/\/aunomdanna.free.fr\/wordpress\/wp-content\/P10901262.jpg\" alt=\"\" width=\"420\" height=\"421\" \/><\/a><\/p>\n","protected":false},"excerpt":{"rendered":"<p>Comme chaque ann\u00e9e les coureurs de l&rsquo;Association se donnent RDV pour participer au Tour de la ville de Dom\u00e8ne et courir \u00ab\u00a0Au Nom d&rsquo;Anna\u00a0\u00bb. Cette ann\u00e9e la course aura lieu le Dimanche 28 Mars&#8230; &#8211; Plusieurs parcours pour petits et grands. &#8211; Inscriptions : le jour m\u00eame sur la place Stalingrad \u00e0 partir de 8&#8230; <\/p>\n<div class=\"link-more\"><a href=\"https:\/\/www.aunomdanna.fr\/blog\/?p=720\">En savoir plus<\/a><\/div>\n","protected":false},"author":1,"featured_media":0,"comment_status":"open","ping_status":"open","sticky":false,"template":"","format":"standard","meta":{"_jetpack_memberships_contains_paid_content":false,"footnotes":""},"categories":[4],"tags":[],"class_list":["post-720","post","type-post","status-publish","format-standard","hentry","category-la-vie-de-lassociation"],"jetpack_featured_media_url":"","jetpack_sharing_enabled":true,"_links":{"self":[{"href":"https:\/\/www.aunomdanna.fr\/blog\/index.php?rest_route=\/wp\/v2\/posts\/720","targetHints":{"allow":["GET"]}}],"collection":[{"href":"https:\/\/www.aunomdanna.fr\/blog\/index.php?rest_route=\/wp\/v2\/posts"}],"about":[{"href":"https:\/\/www.aunomdanna.fr\/blog\/index.php?rest_route=\/wp\/v2\/types\/post"}],"author":[{"embeddable":true,"href":"https:\/\/www.aunomdanna.fr\/blog\/index.php?rest_route=\/wp\/v2\/users\/1"}],"replies":[{"embeddable":true,"href":"https:\/\/www.aunomdanna.fr\/blog\/index.php?rest_route=%2Fwp%2Fv2%2Fcomments&post=720"}],"version-history":[{"count":0,"href":"https:\/\/www.aunomdanna.fr\/blog\/index.php?rest_route=\/wp\/v2\/posts\/720\/revisions"}],"wp:attachment":[{"href":"https:\/\/www.aunomdanna.fr\/blog\/index.php?rest_route=%2Fwp%2Fv2%2Fmedia&parent=720"}],"wp:term":[{"taxonomy":"category","embeddable":true,"href":"https:\/\/www.aunomdanna.fr\/blog\/index.php?rest_route=%2Fwp%2Fv2%2Fcategories&post=720"},{"taxonomy":"post_tag","embeddable":true,"href":"https:\/\/www.aunomdanna.fr\/blog\/index.php?rest_route=%2Fwp%2Fv2%2Ftags&post=720"}],"curies":[{"name":"wp","href":"https:\/\/api.w.org\/{rel}","templated":true}]}}